{"id":10874,"date":"2022-07-07T16:22:58","date_gmt":"2022-07-07T20:22:58","guid":{"rendered":"https:\/\/muniteodoro.cl\/portal\/?p=10874"},"modified":"2022-07-07T16:22:58","modified_gmt":"2022-07-07T20:22:58","slug":"inauguracion-ambulancia-4x4","status":"publish","type":"post","link":"https:\/\/muniteodoro.cl\/portal\/2022\/07\/07\/inauguracion-ambulancia-4x4\/","title":{"rendered":"INAUGURACI\u00d3N AMBULANCIA 4X4  &nbsp; &nbsp; &nbsp;"},"content":{"rendered":"<div class=\"\" data-block=\"true\" data-editor=\"4dcbn\" data-offset-key=\"8kflc-0-0\">\n<div class=\"_1mf _1mj\" data-offset-key=\"8kflc-0-0\"><span data-offset-key=\"8kflc-0-0\">Hoy se inaugura la ambulancia 4X4 que est\u00e1 al servicio de la comunidad hace algunos d\u00edas, gestionada por el Alcalde <\/span><span class=\"_247o\" spellcheck=\"false\" data-offset-key=\"8kflc-1-0\"><span data-offset-key=\"8kflc-1-0\">Baldomero Santos<\/span><\/span><span data-offset-key=\"8kflc-2-0\"> a trav\u00e9s del Gobierno regional. Veh\u00edculo de emergencias que debi\u00f3 modificarse en sus accesos y que finaliz\u00f3 ayer tarde el largo proceso de tramitaci\u00f3n de documentaci\u00f3n y seguros. Asisti\u00f3 al corte de cintas Ricardo Senn, Administrador Regional, concejales, autoridades regionales y ancestrales, dirigentes y vecinas de la comuna.<\/p>\n<p><\/span><\/div>\n<\/div>\n<div class=\"\" data-block=\"true\" data-editor=\"4dcbn\" data-offset-key=\"4mk24-0-0\">\n<div class=\"_1mf _1mj\" data-offset-key=\"4mk24-0-0\"><span data-offset-key=\"4mk24-0-0\"><div style=\"width: 99%\" class=\"spider_message\"><div class=\"wd_error\"><p><strong>There is no slider selected or the slider was deleted.<\/strong><\/p><\/div><\/div><\/p>\n<p><\/span><\/div>\n<\/div>\n<div class=\"\" data-block=\"true\" data-editor=\"4dcbn\" data-offset-key=\"6uu4s-0-0\">\n<div class=\"_1mf _1mj\" data-offset-key=\"6uu4s-0-0\"><span data-offset-key=\"6uu4s-0-0\">\ud835\ude14\ud835\ude26 \ud835\ude28\ud835\ude36\ud835\ude34\ud835\ude35\ud835\ude22, \ud835\ude0a\ud835\ude30\ud835\ude2e\ud835\ude26\ud835\ude2f\ud835\ude35\ud835\ude22 &amp; \ud835\ude0a\ud835\ude30\ud835\ude2e\ud835\ude31\ud835\ude22\ud835\ude33\ud835\ude35\ud835\ude26 \ud83d\udce2\ud83d\udcac<\/span><\/div>\n<\/div>\n<div class=\"\" data-block=\"true\" data-editor=\"4dcbn\" data-offset-key=\"8h498-0-0\">\n<div class=\"_1mf _1mj\" data-offset-key=\"8h498-0-0\"><span data-offset-key=\"8h498-0-0\">\u00a0<\/span><\/div>\n<\/div>\n<div class=\"\" data-block=\"true\" data-editor=\"4dcbn\" data-offset-key=\"8gb00-0-0\">\n<div class=\"_1mf _1mj\" data-offset-key=\"8gb00-0-0\"><span class=\"_5zk7\" spellcheck=\"false\" data-offset-key=\"8gb00-0-0\"><span data-offset-key=\"8gb00-0-0\">#AlcaldeBaldomeroSantos<\/span><\/span><\/div>\n<\/div>\n<div class=\"\" data-block=\"true\" data-editor=\"4dcbn\" data-offset-key=\"98ilb-0-0\">\n<div class=\"_1mf _1mj\" data-offset-key=\"98ilb-0-0\"><span class=\"_5zk7\" spellcheck=\"false\" data-offset-key=\"98ilb-0-0\"><span data-offset-key=\"98ilb-0-0\">#Muniteodoro<\/span><\/span><\/div>\n<\/div>\n<div class=\"\" data-block=\"true\" data-editor=\"4dcbn\" data-offset-key=\"304c-0-0\">\n<div class=\"_1mf _1mj\" data-offset-key=\"304c-0-0\"><span class=\"_5zk7\" spellcheck=\"false\" data-offset-key=\"304c-0-0\"><span data-offset-key=\"304c-0-0\">#TeodoroSchmidt<\/span><\/span><\/div>\n<\/div>\n","protected":false},"excerpt":{"rendered":"<p>Hoy se inaugura la ambulancia 4X4 que est\u00e1 al servicio de la comunidad hace algunos d\u00edas, gestionada por el Alcalde Baldomero Santos a trav\u00e9s del Gobierno regional. Veh\u00edculo de emergencias que debi\u00f3 modificarse en sus accesos y que finaliz\u00f3 ayer tarde el largo proceso de tramitaci\u00f3n de documentaci\u00f3n y seguros. Asisti\u00f3 al corte de cintas [&hellip;]<\/p>\n","protected":false},"author":5,"featured_media":10880,"comment_status":"open","ping_status":"open","sticky":false,"template":"","format":"standard","meta":{"xn-wppe-expiration":[],"xn-wppe-expiration-action":[],"xn-wppe-expiration-prefix":[],"footnotes":""},"categories":[4,2,3,86,92,7,96],"tags":[],"class_list":["post-10874","post","type-post","status-publish","format-standard","has-post-thumbnail","hentry","category-barros_arana","category-hualpin","category-teodoro_schmidt","category-alcalde-baldomero-santos","category-municipalidad-en-terreno","category-noticias","category-salud"],"publishpress_future_action":{"enabled":false,"date":"2026-09-10 03:57:24","action":"change-status","newStatus":"draft","terms":[],"taxonomy":"category","extraData":[]},"publishpress_future_workflow_manual_trigger":{"enabledWorkflows":[]},"_links":{"self":[{"href":"https:\/\/muniteodoro.cl\/portal\/wp-json\/wp\/v2\/posts\/10874","targetHints":{"allow":["GET"]}}],"collection":[{"href":"https:\/\/muniteodoro.cl\/portal\/wp-json\/wp\/v2\/posts"}],"about":[{"href":"https:\/\/muniteodoro.cl\/portal\/wp-json\/wp\/v2\/types\/post"}],"author":[{"embeddable":true,"href":"https:\/\/muniteodoro.cl\/portal\/wp-json\/wp\/v2\/users\/5"}],"replies":[{"embeddable":true,"href":"https:\/\/muniteodoro.cl\/portal\/wp-json\/wp\/v2\/comments?post=10874"}],"version-history":[{"count":1,"href":"https:\/\/muniteodoro.cl\/portal\/wp-json\/wp\/v2\/posts\/10874\/revisions"}],"predecessor-version":[{"id":10882,"href":"https:\/\/muniteodoro.cl\/portal\/wp-json\/wp\/v2\/posts\/10874\/revisions\/10882"}],"wp:featuredmedia":[{"embeddable":true,"href":"https:\/\/muniteodoro.cl\/portal\/wp-json\/wp\/v2\/media\/10880"}],"wp:attachment":[{"href":"https:\/\/muniteodoro.cl\/portal\/wp-json\/wp\/v2\/media?parent=10874"}],"wp:term":[{"taxonomy":"category","embeddable":true,"href":"https:\/\/muniteodoro.cl\/portal\/wp-json\/wp\/v2\/categories?post=10874"},{"taxonomy":"post_tag","embeddable":true,"href":"https:\/\/muniteodoro.cl\/portal\/wp-json\/wp\/v2\/tags?post=10874"}],"curies":[{"name":"wp","href":"https:\/\/api.w.org\/{rel}","templated":true}]}}