{"id":11203,"date":"2022-07-27T11:53:03","date_gmt":"2022-07-27T15:53:03","guid":{"rendered":"https:\/\/muniteodoro.cl\/portal\/?p=11203"},"modified":"2022-07-27T11:53:03","modified_gmt":"2022-07-27T15:53:03","slug":"operativo-ley-de-tenencia-responsable-de-mascotas-y-animales-de-compania","status":"publish","type":"post","link":"https:\/\/muniteodoro.cl\/portal\/2022\/07\/27\/operativo-ley-de-tenencia-responsable-de-mascotas-y-animales-de-compania\/","title":{"rendered":"OPERATIVO LEY DE TENENCIA RESPONSABLE DE MASCOTAS Y ANIMALES DE COMPA\u00d1IA  &nbsp; &nbsp; &nbsp;"},"content":{"rendered":"<div class=\"\" data-block=\"true\" data-editor=\"2m8cn\" data-offset-key=\"2gqcm-0-0\">\n<div class=\"_1mf _1mj\" data-offset-key=\"2gqcm-0-0\"><span data-offset-key=\"2gqcm-0-0\">Nueva fiscalizaci\u00f3n realiz\u00f3 el inspector municipal junto al Departamento de Medioambiente, esta vez Hualpin, Isla Lic\u00e1n y Barros Arana, como puesta en marcha a la Ley de Tenencia Responsable de Mascotas y Animales de Compa\u00f1\u00eda. \ud83d\udc3e<\/span><\/div>\n<\/div>\n<div class=\"\" data-block=\"true\" data-editor=\"2m8cn\" data-offset-key=\"5eo9f-0-0\">\n<div class=\"_1mf _1mj\" data-offset-key=\"5eo9f-0-0\"><span data-offset-key=\"5eo9f-0-0\">\u00a0<\/span><\/div>\n<\/div>\n<div class=\"\" data-block=\"true\" data-editor=\"2m8cn\" data-offset-key=\"1kau8-0-0\">\n<div class=\"_1mf _1mj\" data-offset-key=\"1kau8-0-0\"><span data-offset-key=\"1kau8-0-0\">Operativo de verificaci\u00f3n de chips que m\u00e1s que concientizar a la comunidad, ya se ha cursado el primer parte formal dando fiel cumplimiento a la ley 21.020.<\/span><\/div>\n<\/div>\n<div data-offset-key=\"1kau8-0-0\"><\/div>\n<div data-offset-key=\"1kau8-0-0\"><div style=\"width: 99%\" class=\"spider_message\"><div class=\"wd_error\"><p><strong>There is no slider selected or the slider was deleted.<\/strong><\/p><\/div><\/div><\/div>\n<div class=\"\" data-block=\"true\" data-editor=\"2m8cn\" data-offset-key=\"fm603-0-0\">\n<div class=\"_1mf _1mj\" data-offset-key=\"fm603-0-0\"><span data-offset-key=\"fm603-0-0\">\u00a0<\/span><\/div>\n<\/div>\n<div class=\"\" data-block=\"true\" data-editor=\"2m8cn\" data-offset-key=\"dgte-0-0\">\n<div class=\"_1mf _1mj\" data-offset-key=\"dgte-0-0\"><span data-offset-key=\"dgte-0-0\">\ud835\ude14\ud835\ude26 \ud835\ude28\ud835\ude36\ud835\ude34\ud835\ude35\ud835\ude22, \ud835\ude0a\ud835\ude30\ud835\ude2e\ud835\ude26\ud835\ude2f\ud835\ude35\ud835\ude22 &amp; \ud835\ude0a\ud835\ude30\ud835\ude2e\ud835\ude31\ud835\ude22\ud835\ude33\ud835\ude35\ud835\ude26 \ud83d\udce2\ud83d\udcac<\/span><\/div>\n<\/div>\n<div class=\"\" data-block=\"true\" data-editor=\"2m8cn\" data-offset-key=\"9fj17-0-0\">\n<div class=\"_1mf _1mj\" data-offset-key=\"9fj17-0-0\"><span data-offset-key=\"9fj17-0-0\">\u00a0<\/span><\/div>\n<\/div>\n<div class=\"\" data-block=\"true\" data-editor=\"2m8cn\" data-offset-key=\"1covd-0-0\">\n<div class=\"_1mf _1mj\" data-offset-key=\"1covd-0-0\"><span class=\"_5zk7\" spellcheck=\"false\" data-offset-key=\"1covd-0-0\"><span data-offset-key=\"1covd-0-0\">#AlcaldeBaldomeroSantos<\/span><\/span><\/div>\n<\/div>\n<div class=\"\" data-block=\"true\" data-editor=\"2m8cn\" data-offset-key=\"ap1l6-0-0\">\n<div class=\"_1mf _1mj\" data-offset-key=\"ap1l6-0-0\"><span class=\"_5zk7\" spellcheck=\"false\" data-offset-key=\"ap1l6-0-0\"><span data-offset-key=\"ap1l6-0-0\">#Muniteodoro<\/span><\/span><\/div>\n<\/div>\n<div class=\"\" data-block=\"true\" data-editor=\"2m8cn\" data-offset-key=\"26gm1-0-0\">\n<div class=\"_1mf _1mj\" data-offset-key=\"26gm1-0-0\"><span class=\"_5zk7\" spellcheck=\"false\" data-offset-key=\"26gm1-0-0\"><span data-offset-key=\"26gm1-0-0\">#TeodoroSchmidt<\/span><\/span><\/div>\n<\/div>\n","protected":false},"excerpt":{"rendered":"<p>Nueva fiscalizaci\u00f3n realiz\u00f3 el inspector municipal junto al Departamento de Medioambiente, esta vez Hualpin, Isla Lic\u00e1n y Barros Arana, como puesta en marcha a la Ley de Tenencia Responsable de Mascotas y Animales de Compa\u00f1\u00eda. \ud83d\udc3e \u00a0 Operativo de verificaci\u00f3n de chips que m\u00e1s que concientizar a la comunidad, ya se ha cursado el primer [&hellip;]<\/p>\n","protected":false},"author":5,"featured_media":0,"comment_status":"open","ping_status":"open","sticky":false,"template":"","format":"standard","meta":{"xn-wppe-expiration":[],"xn-wppe-expiration-action":[],"xn-wppe-expiration-prefix":[],"footnotes":""},"categories":[4,2,3,84,85,92,7],"tags":[],"class_list":["post-11203","post","type-post","status-publish","format-standard","hentry","category-barros_arana","category-hualpin","category-teodoro_schmidt","category-dideco","category-medio-ambiente","category-municipalidad-en-terreno","category-noticias"],"publishpress_future_action":{"enabled":false,"date":"2026-09-10 04:51:23","action":"change-status","newStatus":"draft","terms":[],"taxonomy":"category","extraData":[]},"publishpress_future_workflow_manual_trigger":{"enabledWorkflows":[]},"_links":{"self":[{"href":"https:\/\/muniteodoro.cl\/portal\/wp-json\/wp\/v2\/posts\/11203","targetHints":{"allow":["GET"]}}],"collection":[{"href":"https:\/\/muniteodoro.cl\/portal\/wp-json\/wp\/v2\/posts"}],"about":[{"href":"https:\/\/muniteodoro.cl\/portal\/wp-json\/wp\/v2\/types\/post"}],"author":[{"embeddable":true,"href":"https:\/\/muniteodoro.cl\/portal\/wp-json\/wp\/v2\/users\/5"}],"replies":[{"embeddable":true,"href":"https:\/\/muniteodoro.cl\/portal\/wp-json\/wp\/v2\/comments?post=11203"}],"version-history":[{"count":2,"href":"https:\/\/muniteodoro.cl\/portal\/wp-json\/wp\/v2\/posts\/11203\/revisions"}],"predecessor-version":[{"id":11212,"href":"https:\/\/muniteodoro.cl\/portal\/wp-json\/wp\/v2\/posts\/11203\/revisions\/11212"}],"wp:attachment":[{"href":"https:\/\/muniteodoro.cl\/portal\/wp-json\/wp\/v2\/media?parent=11203"}],"wp:term":[{"taxonomy":"category","embeddable":true,"href":"https:\/\/muniteodoro.cl\/portal\/wp-json\/wp\/v2\/categories?post=11203"},{"taxonomy":"post_tag","embeddable":true,"href":"https:\/\/muniteodoro.cl\/portal\/wp-json\/wp\/v2\/tags?post=11203"}],"curies":[{"name":"wp","href":"https:\/\/api.w.org\/{rel}","templated":true}]}}