{"id":11592,"date":"2022-08-26T16:45:14","date_gmt":"2022-08-26T20:45:14","guid":{"rendered":"https:\/\/muniteodoro.cl\/portal\/?p=11592"},"modified":"2022-08-26T16:45:14","modified_gmt":"2022-08-26T20:45:14","slug":"desarrollo-y-emprendimiento-program-municipal-de-la-mujer","status":"publish","type":"post","link":"https:\/\/muniteodoro.cl\/portal\/2022\/08\/26\/desarrollo-y-emprendimiento-program-municipal-de-la-mujer\/","title":{"rendered":"DESARROLLO Y EMPRENDIMIENTO \u00abPROGRAM MUNICIPAL DE LA MUJER\u00bb  &nbsp; &nbsp; &nbsp;"},"content":{"rendered":"<div class=\"\" data-block=\"true\" data-editor=\"2maj5\" data-offset-key=\"7miul-0-0\">\n<div class=\"_1mf _1mj\" data-offset-key=\"7miul-0-0\"><span data-offset-key=\"7miul-0-0\">[\ud835\uddd7\ud835\uddd8\ud835\udde6\ud835\uddd4\ud835\udde5\ud835\udde5\ud835\udde2\ud835\udddf\ud835\udddf\ud835\udde2 \ud835\uddec \ud835\uddd8\ud835\udde0\ud835\udde3\ud835\udde5\ud835\uddd8\ud835\udde1\ud835\uddd7\ud835\udddc\ud835\udde0\ud835\udddc\ud835\uddd8\ud835\udde1\ud835\udde7\ud835\udde2]<\/span><\/div>\n<\/div>\n<div class=\"\" data-block=\"true\" data-editor=\"2maj5\" data-offset-key=\"5npmq-0-0\">\n<div class=\"_1mf _1mj\" data-offset-key=\"5npmq-0-0\"><span data-offset-key=\"5npmq-0-0\">\u00a0<\/span><\/div>\n<\/div>\n<div class=\"\" data-block=\"true\" data-editor=\"2maj5\" data-offset-key=\"2f7kn-0-0\">\n<div class=\"_1mf _1mj\" data-offset-key=\"2f7kn-0-0\"><span data-offset-key=\"2f7kn-0-0\">Agro elaborados, telares decorativos, tejidos, huertos, pintura en g\u00e9nero, bordado, corte y confecci\u00f3n, decoupage, son parte de las especialidades que se est\u00e1 impartiendo a 88 talleres laboras, 1258 participantes, desde el Programa Municipal de la Mujer en la Comuna.<\/span><\/div>\n<\/div>\n<div class=\"\" data-block=\"true\" data-editor=\"2maj5\" data-offset-key=\"cea9f-0-0\">\n<div class=\"_1mf _1mj\" data-offset-key=\"cea9f-0-0\"><span data-offset-key=\"cea9f-0-0\">\u00a0<\/span><\/div>\n<\/div>\n<div class=\"\" data-block=\"true\" data-editor=\"2maj5\" data-offset-key=\"4oemj-0-0\">\n<div class=\"_1mf _1mj\" data-offset-key=\"4oemj-0-0\"><span data-offset-key=\"4oemj-0-0\">Dependiente de la Direcci\u00f3n Municipal de Desarrollo Comunitario, el programa apunta a favorecer el desarrollo, autonom\u00eda e integraci\u00f3n social de la mujer destinado a mejorar su calidad de vida y de su grupo familiar.<\/span><\/div>\n<div data-offset-key=\"4oemj-0-0\"><\/div>\n<\/div>\n<div class=\"\" data-block=\"true\" data-editor=\"2maj5\" data-offset-key=\"bsa2-0-0\">\n<div class=\"_1mf _1mj\" data-offset-key=\"bsa2-0-0\"><span data-offset-key=\"bsa2-0-0\"><div style=\"width: 99%\" class=\"spider_message\"><div class=\"wd_error\"><p><strong>There is no slider selected or the slider was deleted.<\/strong><\/p><\/div><\/div><\/span><\/div>\n<div data-offset-key=\"bsa2-0-0\"><\/div>\n<\/div>\n<div class=\"\" data-block=\"true\" data-editor=\"2maj5\" data-offset-key=\"53kq8-0-0\">\n<div class=\"_1mf _1mj\" data-offset-key=\"53kq8-0-0\"><span data-offset-key=\"53kq8-0-0\">\ud835\ude14\ud835\ude26 \ud835\ude28\ud835\ude36\ud835\ude34\ud835\ude35\ud835\ude22, \ud835\ude0a\ud835\ude30\ud835\ude2e\ud835\ude26\ud835\ude2f\ud835\ude35\ud835\ude22 &amp; \ud835\ude0a\ud835\ude30\ud835\ude2e\ud835\ude31\ud835\ude22\ud835\ude33\ud835\ude35\ud835\ude26 \ud83d\udce2\ud83d\udcac<\/span><\/div>\n<\/div>\n<div class=\"\" data-block=\"true\" data-editor=\"2maj5\" data-offset-key=\"3238m-0-0\">\n<div class=\"_1mf _1mj\" data-offset-key=\"3238m-0-0\"><span data-offset-key=\"3238m-0-0\">\u00a0<\/span><\/div>\n<\/div>\n<div class=\"\" data-block=\"true\" data-editor=\"2maj5\" data-offset-key=\"dq355-0-0\">\n<div class=\"_1mf _1mj\" data-offset-key=\"dq355-0-0\"><span class=\"_5zk7\" spellcheck=\"false\" data-offset-key=\"dq355-0-0\"><span data-offset-key=\"dq355-0-0\">#AlcaldeBaldomeroSantos<\/span><\/span> <span class=\"_5zk7\" spellcheck=\"false\" data-offset-key=\"dq355-2-0\"><span data-offset-key=\"dq355-2-0\">#Muniteodoro<\/span><\/span> <span class=\"_5zk7\" spellcheck=\"false\" data-offset-key=\"dq355-4-0\"><span data-offset-key=\"dq355-4-0\">#TeodoroSchmidt<\/span><\/span><\/div>\n<\/div>\n","protected":false},"excerpt":{"rendered":"<p>[\ud835\uddd7\ud835\uddd8\ud835\udde6\ud835\uddd4\ud835\udde5\ud835\udde5\ud835\udde2\ud835\udddf\ud835\udddf\ud835\udde2 \ud835\uddec \ud835\uddd8\ud835\udde0\ud835\udde3\ud835\udde5\ud835\uddd8\ud835\udde1\ud835\uddd7\ud835\udddc\ud835\udde0\ud835\udddc\ud835\uddd8\ud835\udde1\ud835\udde7\ud835\udde2] \u00a0 Agro elaborados, telares decorativos, tejidos, huertos, pintura en g\u00e9nero, bordado, corte y confecci\u00f3n, decoupage, son parte de las especialidades que se est\u00e1 impartiendo a 88 talleres laboras, 1258 participantes, desde el Programa Municipal de la Mujer en la Comuna. \u00a0 Dependiente de la Direcci\u00f3n Municipal de Desarrollo Comunitario, el programa apunta [&hellip;]<\/p>\n","protected":false},"author":5,"featured_media":0,"comment_status":"open","ping_status":"open","sticky":false,"template":"","format":"standard","meta":{"xn-wppe-expiration":[],"xn-wppe-expiration-action":[],"xn-wppe-expiration-prefix":[],"footnotes":""},"categories":[4,2,3,86,84,92,7],"tags":[],"class_list":["post-11592","post","type-post","status-publish","format-standard","hentry","category-barros_arana","category-hualpin","category-teodoro_schmidt","category-alcalde-baldomero-santos","category-dideco","category-municipalidad-en-terreno","category-noticias"],"publishpress_future_action":{"enabled":false,"date":"2026-09-10 07:34:58","action":"change-status","newStatus":"draft","terms":[],"taxonomy":"category","extraData":[]},"publishpress_future_workflow_manual_trigger":{"enabledWorkflows":[]},"_links":{"self":[{"href":"https:\/\/muniteodoro.cl\/portal\/wp-json\/wp\/v2\/posts\/11592","targetHints":{"allow":["GET"]}}],"collection":[{"href":"https:\/\/muniteodoro.cl\/portal\/wp-json\/wp\/v2\/posts"}],"about":[{"href":"https:\/\/muniteodoro.cl\/portal\/wp-json\/wp\/v2\/types\/post"}],"author":[{"embeddable":true,"href":"https:\/\/muniteodoro.cl\/portal\/wp-json\/wp\/v2\/users\/5"}],"replies":[{"embeddable":true,"href":"https:\/\/muniteodoro.cl\/portal\/wp-json\/wp\/v2\/comments?post=11592"}],"version-history":[{"count":1,"href":"https:\/\/muniteodoro.cl\/portal\/wp-json\/wp\/v2\/posts\/11592\/revisions"}],"predecessor-version":[{"id":11628,"href":"https:\/\/muniteodoro.cl\/portal\/wp-json\/wp\/v2\/posts\/11592\/revisions\/11628"}],"wp:attachment":[{"href":"https:\/\/muniteodoro.cl\/portal\/wp-json\/wp\/v2\/media?parent=11592"}],"wp:term":[{"taxonomy":"category","embeddable":true,"href":"https:\/\/muniteodoro.cl\/portal\/wp-json\/wp\/v2\/categories?post=11592"},{"taxonomy":"post_tag","embeddable":true,"href":"https:\/\/muniteodoro.cl\/portal\/wp-json\/wp\/v2\/tags?post=11592"}],"curies":[{"name":"wp","href":"https:\/\/api.w.org\/{rel}","templated":true}]}}