{"id":11724,"date":"2022-09-05T11:38:34","date_gmt":"2022-09-05T15:38:34","guid":{"rendered":"https:\/\/muniteodoro.cl\/portal\/?p=11724"},"modified":"2022-09-07T17:32:19","modified_gmt":"2022-09-07T21:32:19","slug":"izamiento-bandera-chilena-en-frontis-municipal","status":"publish","type":"post","link":"https:\/\/muniteodoro.cl\/portal\/2022\/09\/05\/izamiento-bandera-chilena-en-frontis-municipal\/","title":{"rendered":"IZAMIENTO BANDERA CHILENA EN FRONTIS MUNICIPAL  &nbsp; &nbsp; &nbsp;"},"content":{"rendered":"<p>[\ud835\uddd9\ud835\udddc\ud835\uddd8\ud835\udde6\ud835\udde7\ud835\uddd4\ud835\udde6 \ud835\udde3\ud835\uddd4\ud835\udde7\ud835\udde5\ud835\udddc\ud835\uddd4\ud835\udde6]<\/p>\n<p>En el Frontis Municipal, encabezado por nuestro Alcalde Baldomero Santos, acompa\u00f1ado del personal del servicio p\u00fablico, se efectu\u00f3 un emotivo izamiento del pabell\u00f3n patrio iniciando las festividades conmemorativas del mes de la patria, posteriormente un festivo pie de cueca y entrega de programa de actividades a emprendedores del Mercado Campesino.<\/p>\n<p>Hacemos extensiva la invitaci\u00f3n a la comunidad en participar y compartir en los distintos eventos que con mucho cari\u00f1o se han organizado para celebrar durante todo el mes patrio, entusiasta enfatiz\u00f3 el Alcalde Baldomero Santos.<\/p>\n<div style=\"width: 99%\" class=\"spider_message\"><div class=\"wd_error\"><p><strong>There is no slider selected or the slider was deleted.<\/strong><\/p><\/div><\/div>\n<p>&nbsp;<\/p>\n<p>\ud835\ude14\ud835\ude26 \ud835\ude28\ud835\ude36\ud835\ude34\ud835\ude35\ud835\ude22, \ud835\ude0a\ud835\ude30\ud835\ude2e\ud835\ude26\ud835\ude2f\ud835\ude35\ud835\ude22 &amp; \ud835\ude0a\ud835\ude30\ud835\ude2e\ud835\ude31\ud835\ude22\ud835\ude33\ud835\ude35\ud835\ude26 \ud83d\udce2\ud83d\udcac<\/p>\n<p>#AlcaldeBaldomeroSantos #Muniteodoro #TeodoroSchmidt<\/p>\n","protected":false},"excerpt":{"rendered":"<p>[\ud835\uddd9\ud835\udddc\ud835\uddd8\ud835\udde6\ud835\udde7\ud835\uddd4\ud835\udde6 \ud835\udde3\ud835\uddd4\ud835\udde7\ud835\udde5\ud835\udddc\ud835\uddd4\ud835\udde6] En el Frontis Municipal, encabezado por nuestro Alcalde Baldomero Santos, acompa\u00f1ado del personal del servicio p\u00fablico, se efectu\u00f3 un emotivo izamiento del pabell\u00f3n patrio iniciando las festividades conmemorativas del mes de la patria, posteriormente un festivo pie de cueca y entrega de programa de actividades a emprendedores del Mercado Campesino. Hacemos extensiva la [&hellip;]<\/p>\n","protected":false},"author":5,"featured_media":0,"comment_status":"open","ping_status":"open","sticky":false,"template":"","format":"standard","meta":{"xn-wppe-expiration":[],"xn-wppe-expiration-action":[],"xn-wppe-expiration-prefix":[],"footnotes":""},"categories":[4,2,3,86,84,92,7],"tags":[],"class_list":["post-11724","post","type-post","status-publish","format-standard","hentry","category-barros_arana","category-hualpin","category-teodoro_schmidt","category-alcalde-baldomero-santos","category-dideco","category-municipalidad-en-terreno","category-noticias"],"publishpress_future_action":{"enabled":false,"date":"2026-09-10 07:36:08","action":"change-status","newStatus":"draft","terms":[],"taxonomy":"category","extraData":[]},"publishpress_future_workflow_manual_trigger":{"enabledWorkflows":[]},"_links":{"self":[{"href":"https:\/\/muniteodoro.cl\/portal\/wp-json\/wp\/v2\/posts\/11724","targetHints":{"allow":["GET"]}}],"collection":[{"href":"https:\/\/muniteodoro.cl\/portal\/wp-json\/wp\/v2\/posts"}],"about":[{"href":"https:\/\/muniteodoro.cl\/portal\/wp-json\/wp\/v2\/types\/post"}],"author":[{"embeddable":true,"href":"https:\/\/muniteodoro.cl\/portal\/wp-json\/wp\/v2\/users\/5"}],"replies":[{"embeddable":true,"href":"https:\/\/muniteodoro.cl\/portal\/wp-json\/wp\/v2\/comments?post=11724"}],"version-history":[{"count":3,"href":"https:\/\/muniteodoro.cl\/portal\/wp-json\/wp\/v2\/posts\/11724\/revisions"}],"predecessor-version":[{"id":11787,"href":"https:\/\/muniteodoro.cl\/portal\/wp-json\/wp\/v2\/posts\/11724\/revisions\/11787"}],"wp:attachment":[{"href":"https:\/\/muniteodoro.cl\/portal\/wp-json\/wp\/v2\/media?parent=11724"}],"wp:term":[{"taxonomy":"category","embeddable":true,"href":"https:\/\/muniteodoro.cl\/portal\/wp-json\/wp\/v2\/categories?post=11724"},{"taxonomy":"post_tag","embeddable":true,"href":"https:\/\/muniteodoro.cl\/portal\/wp-json\/wp\/v2\/tags?post=11724"}],"curies":[{"name":"wp","href":"https:\/\/api.w.org\/{rel}","templated":true}]}}