{"id":11743,"date":"2022-09-06T09:17:49","date_gmt":"2022-09-06T13:17:49","guid":{"rendered":"https:\/\/muniteodoro.cl\/portal\/?p=11743"},"modified":"2022-09-06T09:17:49","modified_gmt":"2022-09-06T13:17:49","slug":"dia-de-la-mujer-indigena-en-teodoro-schmidt","status":"publish","type":"post","link":"https:\/\/muniteodoro.cl\/portal\/2022\/09\/06\/dia-de-la-mujer-indigena-en-teodoro-schmidt\/","title":{"rendered":"D\u00cdA DE LA MUJER IND\u00cdGENA EN TEODORO SCHMIDT  &nbsp; &nbsp; &nbsp;"},"content":{"rendered":"<div class=\"\" data-block=\"true\" data-editor=\"83fnh\" data-offset-key=\"ehfel-0-0\">\n<div class=\"_1mf _1mj\" data-offset-key=\"ehfel-0-0\"><span data-offset-key=\"ehfel-0-0\">CONCIERTO DE NANCY SAN MART\u00cdN EN CONMOVEDORA CELEBRACI\u00d3N DEL D\u00cdA DE LA MUJER EN COMUNA DE TEODORO SCHMIDT<\/span><\/div>\n<\/div>\n<div class=\"\" data-block=\"true\" data-editor=\"83fnh\" data-offset-key=\"b5m0c-0-0\">\n<div class=\"_1mf _1mj\" data-offset-key=\"b5m0c-0-0\"><span data-offset-key=\"b5m0c-0-0\">\u00a0<\/span><\/div>\n<\/div>\n<div class=\"\" data-block=\"true\" data-editor=\"83fnh\" data-offset-key=\"9l1f6-0-0\">\n<div class=\"_1mf _1mj\" data-offset-key=\"9l1f6-0-0\"><span data-offset-key=\"9l1f6-0-0\">La afamada cantante Nancy San Mart\u00edn y su nutrido repertorio de 11 canciones colm\u00f3 de emoci\u00f3n la conmemoraci\u00f3n del D\u00eda de la Mujer Ind\u00edgena en el frontis municipal de la comuna de Teodoro Schmidt, encantando con su fuerza y pasi\u00f3n a todo el p\u00fablico presente. <\/span><\/div>\n<\/div>\n<div class=\"\" data-block=\"true\" data-editor=\"83fnh\" data-offset-key=\"smlh-0-0\">\n<div class=\"_1mf _1mj\" data-offset-key=\"smlh-0-0\"><span data-offset-key=\"smlh-0-0\">\u00a0<\/span><\/div>\n<\/div>\n<div class=\"\" data-block=\"true\" data-editor=\"83fnh\" data-offset-key=\"f5ch2-0-0\">\n<div class=\"_1mf _1mj\" data-offset-key=\"f5ch2-0-0\"><span data-offset-key=\"f5ch2-0-0\">Ceremonia encabezada por nuestro Alcalde Baldomero Santos, acompa\u00f1ado por concejales y funcionarios municipales, presidentes de comunidades y lagmiens de la comuna, donde junto a la tradicional solemne rogativa matutina dio reconocimiento a 10 destacadas mujeres mapuches, a quienes la autoridad valor\u00f3 su aporte al desarrollo social, esfuerzo en contribuir a la econom\u00eda local y especial dedicaci\u00f3n en conservar la identidad cultural.<\/span><\/div>\n<\/div>\n<div class=\"\" data-block=\"true\" data-editor=\"83fnh\" data-offset-key=\"5nag4-0-0\">\n<div class=\"_1mf _1mj\" data-offset-key=\"5nag4-0-0\"><span data-offset-key=\"5nag4-0-0\">\u00a0<\/span><\/div>\n<\/div>\n<div class=\"\" data-block=\"true\" data-editor=\"83fnh\" data-offset-key=\"1bhhk-0-0\">\n<div class=\"_1mf _1mj\" data-offset-key=\"1bhhk-0-0\"><span data-offset-key=\"1bhhk-0-0\">Alegre evento que se inserta a las actividades del mes patrio, donde para el Alcalde Baldomero Santos todas las expresiones de la tradici\u00f3n cultural de la comuna deben estar presentes y representadas.<\/span><\/div>\n<div data-offset-key=\"1bhhk-0-0\"><\/div>\n<div data-offset-key=\"1bhhk-0-0\"><div style=\"width: 99%\" class=\"spider_message\"><div class=\"wd_error\"><p><strong>There is no slider selected or the slider was deleted.<\/strong><\/p><\/div><\/div><\/div>\n<\/div>\n<div class=\"\" data-block=\"true\" data-editor=\"83fnh\" data-offset-key=\"cqgbm-0-0\">\n<div data-offset-key=\"cqgbm-0-0\"><\/div>\n<div class=\"_1mf _1mj\" data-offset-key=\"cqgbm-0-0\"><span data-offset-key=\"cqgbm-0-0\">\ud835\ude14\ud835\ude26 \ud835\ude28\ud835\ude36\ud835\ude34\ud835\ude35\ud835\ude22, \ud835\ude0a\ud835\ude30\ud835\ude2e\ud835\ude26\ud835\ude2f\ud835\ude35\ud835\ude22 &amp; \ud835\ude0a\ud835\ude30\ud835\ude2e\ud835\ude31\ud835\ude22\ud835\ude33\ud835\ude35\ud835\ude26 \ud83d\udce2\ud83d\udcac<\/span><\/div>\n<\/div>\n<div class=\"\" data-block=\"true\" data-editor=\"83fnh\" data-offset-key=\"e3v50-0-0\">\n<div class=\"_1mf _1mj\" data-offset-key=\"e3v50-0-0\"><span data-offset-key=\"e3v50-0-0\">\u00a0<\/span><\/div>\n<\/div>\n<div class=\"\" data-block=\"true\" data-editor=\"83fnh\" data-offset-key=\"eeeap-0-0\">\n<div class=\"_1mf _1mj\" data-offset-key=\"eeeap-0-0\"><span class=\"_5zk7\" spellcheck=\"false\" data-offset-key=\"eeeap-0-0\"><span data-offset-key=\"eeeap-0-0\">#AlcaldeBaldomeroSantos<\/span><\/span> <span class=\"_5zk7\" spellcheck=\"false\" data-offset-key=\"eeeap-2-0\"><span data-offset-key=\"eeeap-2-0\">#Muniteodoro<\/span><\/span> <span class=\"_5zk7\" spellcheck=\"false\" data-offset-key=\"eeeap-4-0\"><span data-offset-key=\"eeeap-4-0\">#TeodoroSchmidt<\/span><\/span><\/div>\n<\/div>\n","protected":false},"excerpt":{"rendered":"<p>CONCIERTO DE NANCY SAN MART\u00cdN EN CONMOVEDORA CELEBRACI\u00d3N DEL D\u00cdA DE LA MUJER EN COMUNA DE TEODORO SCHMIDT \u00a0 La afamada cantante Nancy San Mart\u00edn y su nutrido repertorio de 11 canciones colm\u00f3 de emoci\u00f3n la conmemoraci\u00f3n del D\u00eda de la Mujer Ind\u00edgena en el frontis municipal de la comuna de Teodoro Schmidt, encantando con [&hellip;]<\/p>\n","protected":false},"author":5,"featured_media":0,"comment_status":"open","ping_status":"open","sticky":false,"template":"","format":"standard","meta":{"xn-wppe-expiration":[],"xn-wppe-expiration-action":[],"xn-wppe-expiration-prefix":[],"footnotes":""},"categories":[4,2,3,86,84,98,92,7],"tags":[],"class_list":["post-11743","post","type-post","status-publish","format-standard","hentry","category-barros_arana","category-hualpin","category-teodoro_schmidt","category-alcalde-baldomero-santos","category-dideco","category-fiestas-patrias-2022","category-municipalidad-en-terreno","category-noticias"],"publishpress_future_action":{"enabled":false,"date":"2026-09-10 07:36:06","action":"change-status","newStatus":"draft","terms":[],"taxonomy":"category","extraData":[]},"publishpress_future_workflow_manual_trigger":{"enabledWorkflows":[]},"_links":{"self":[{"href":"https:\/\/muniteodoro.cl\/portal\/wp-json\/wp\/v2\/posts\/11743","targetHints":{"allow":["GET"]}}],"collection":[{"href":"https:\/\/muniteodoro.cl\/portal\/wp-json\/wp\/v2\/posts"}],"about":[{"href":"https:\/\/muniteodoro.cl\/portal\/wp-json\/wp\/v2\/types\/post"}],"author":[{"embeddable":true,"href":"https:\/\/muniteodoro.cl\/portal\/wp-json\/wp\/v2\/users\/5"}],"replies":[{"embeddable":true,"href":"https:\/\/muniteodoro.cl\/portal\/wp-json\/wp\/v2\/comments?post=11743"}],"version-history":[{"count":1,"href":"https:\/\/muniteodoro.cl\/portal\/wp-json\/wp\/v2\/posts\/11743\/revisions"}],"predecessor-version":[{"id":11767,"href":"https:\/\/muniteodoro.cl\/portal\/wp-json\/wp\/v2\/posts\/11743\/revisions\/11767"}],"wp:attachment":[{"href":"https:\/\/muniteodoro.cl\/portal\/wp-json\/wp\/v2\/media?parent=11743"}],"wp:term":[{"taxonomy":"category","embeddable":true,"href":"https:\/\/muniteodoro.cl\/portal\/wp-json\/wp\/v2\/categories?post=11743"},{"taxonomy":"post_tag","embeddable":true,"href":"https:\/\/muniteodoro.cl\/portal\/wp-json\/wp\/v2\/tags?post=11743"}],"curies":[{"name":"wp","href":"https:\/\/api.w.org\/{rel}","templated":true}]}}