{"id":11970,"date":"2022-09-09T11:35:30","date_gmt":"2022-09-09T15:35:30","guid":{"rendered":"https:\/\/muniteodoro.cl\/portal\/?p=11970"},"modified":"2022-09-09T11:36:45","modified_gmt":"2022-09-09T15:36:45","slug":"fiestas-patrias-en-nomellangui","status":"publish","type":"post","link":"https:\/\/muniteodoro.cl\/portal\/2022\/09\/09\/fiestas-patrias-en-nomellangui\/","title":{"rendered":"FIESTAS PATRIAS EN \u00abNOMELLANGUI\u00bb  &nbsp; &nbsp; &nbsp;"},"content":{"rendered":"<p>[\ud835\uddd9\ud835\udddc\ud835\uddd8\ud835\udde6\ud835\udde7\ud835\uddd4\ud835\udde6 \ud835\udde3\ud835\uddd4\ud835\udde7\ud835\udde5\ud835\udddc\ud835\uddd4\ud835\udde6]<\/p>\n<p>Nomellangue fue el centro rural del segundo desfile en la comuna de Teodoro Schmidt, siempre encabezado por nuestro Alcalde Baldomero Santos acompa\u00f1ado del Concejo Municipal, la Presidenta Lorena Huenchuman de la Comunidad Ind\u00edgena Juan Huenchuman de Nomellangue, autoridades policiales, ancestrales, dirigentes sociales y p\u00fablico en general.<\/p>\n<p>Todo el sentir patrio se hizo presente con coloridos n\u00fameros art\u00edsticos por establecimientos escolares locales, desfile de las principales organizaciones sociales del sector, tradicional vino de honor y entretenidos juegos populares donde la alegr\u00eda y emoci\u00f3n rein\u00f3 durante toda la jornada.<\/p>\n<div style=\"width: 99%\" class=\"spider_message\"><div class=\"wd_error\"><p><strong>There is no slider selected or the slider was deleted.<\/strong><\/p><\/div><\/div>\n<p>&nbsp;<\/p>\n<p>\ud835\ude14\ud835\ude26 \ud835\ude28\ud835\ude36\ud835\ude34\ud835\ude35\ud835\ude22, \ud835\ude0a\ud835\ude30\ud835\ude2e\ud835\ude26\ud835\ude2f\ud835\ude35\ud835\ude22 &amp; \ud835\ude0a\ud835\ude30\ud835\ude2e\ud835\ude31\ud835\ude22\ud835\ude33\ud835\ude35\ud835\ude26 \ud83d\udce2\ud83d\udcac<\/p>\n<p>&nbsp;<\/p>\n<p>#AlcaldeBaldomeroSantos #Muniteodoro #TeodoroSchmidt<\/p>\n","protected":false},"excerpt":{"rendered":"<p>[\ud835\uddd9\ud835\udddc\ud835\uddd8\ud835\udde6\ud835\udde7\ud835\uddd4\ud835\udde6 \ud835\udde3\ud835\uddd4\ud835\udde7\ud835\udde5\ud835\udddc\ud835\uddd4\ud835\udde6] Nomellangue fue el centro rural del segundo desfile en la comuna de Teodoro Schmidt, siempre encabezado por nuestro Alcalde Baldomero Santos acompa\u00f1ado del Concejo Municipal, la Presidenta Lorena Huenchuman de la Comunidad Ind\u00edgena Juan Huenchuman de Nomellangue, autoridades policiales, ancestrales, dirigentes sociales y p\u00fablico en general. Todo el sentir patrio se hizo presente [&hellip;]<\/p>\n","protected":false},"author":5,"featured_media":0,"comment_status":"open","ping_status":"open","sticky":false,"template":"","format":"standard","meta":{"xn-wppe-expiration":[],"xn-wppe-expiration-action":[],"xn-wppe-expiration-prefix":[],"footnotes":""},"categories":[4,2,3,86,84,98,92,7],"tags":[],"class_list":["post-11970","post","type-post","status-publish","format-standard","hentry","category-barros_arana","category-hualpin","category-teodoro_schmidt","category-alcalde-baldomero-santos","category-dideco","category-fiestas-patrias-2022","category-municipalidad-en-terreno","category-noticias"],"publishpress_future_action":{"enabled":false,"date":"2026-09-10 07:34:59","action":"change-status","newStatus":"draft","terms":[],"taxonomy":"category","extraData":[]},"publishpress_future_workflow_manual_trigger":{"enabledWorkflows":[]},"_links":{"self":[{"href":"https:\/\/muniteodoro.cl\/portal\/wp-json\/wp\/v2\/posts\/11970","targetHints":{"allow":["GET"]}}],"collection":[{"href":"https:\/\/muniteodoro.cl\/portal\/wp-json\/wp\/v2\/posts"}],"about":[{"href":"https:\/\/muniteodoro.cl\/portal\/wp-json\/wp\/v2\/types\/post"}],"author":[{"embeddable":true,"href":"https:\/\/muniteodoro.cl\/portal\/wp-json\/wp\/v2\/users\/5"}],"replies":[{"embeddable":true,"href":"https:\/\/muniteodoro.cl\/portal\/wp-json\/wp\/v2\/comments?post=11970"}],"version-history":[{"count":3,"href":"https:\/\/muniteodoro.cl\/portal\/wp-json\/wp\/v2\/posts\/11970\/revisions"}],"predecessor-version":[{"id":11974,"href":"https:\/\/muniteodoro.cl\/portal\/wp-json\/wp\/v2\/posts\/11970\/revisions\/11974"}],"wp:attachment":[{"href":"https:\/\/muniteodoro.cl\/portal\/wp-json\/wp\/v2\/media?parent=11970"}],"wp:term":[{"taxonomy":"category","embeddable":true,"href":"https:\/\/muniteodoro.cl\/portal\/wp-json\/wp\/v2\/categories?post=11970"},{"taxonomy":"post_tag","embeddable":true,"href":"https:\/\/muniteodoro.cl\/portal\/wp-json\/wp\/v2\/tags?post=11970"}],"curies":[{"name":"wp","href":"https:\/\/api.w.org\/{rel}","templated":true}]}}