{"id":11975,"date":"2022-09-09T12:49:29","date_gmt":"2022-09-09T16:49:29","guid":{"rendered":"https:\/\/muniteodoro.cl\/portal\/?p=11975"},"modified":"2022-09-09T12:49:29","modified_gmt":"2022-09-09T16:49:29","slug":"expo-del-pebre-y-la-empanada","status":"publish","type":"post","link":"https:\/\/muniteodoro.cl\/portal\/2022\/09\/09\/expo-del-pebre-y-la-empanada\/","title":{"rendered":"EXPO DEL PEBRE Y LA EMPANADA  &nbsp; &nbsp; &nbsp;"},"content":{"rendered":"<div class=\"\" data-block=\"true\" data-editor=\"1p4e8\" data-offset-key=\"b083g-0-0\">\n<div class=\"_1mf _1mj\" data-offset-key=\"b083g-0-0\"><span data-offset-key=\"b083g-0-0\">[\ud835\uddd9\ud835\udddc\ud835\uddd8\ud835\udde6\ud835\udde7\ud835\uddd4\ud835\udde6 \ud835\udde3\ud835\uddd4\ud835\udde7\ud835\udde5\ud835\udddc\ud835\uddd4\ud835\udde6]<\/span><\/div>\n<\/div>\n<div class=\"\" data-block=\"true\" data-editor=\"1p4e8\" data-offset-key=\"4u13f-0-0\">\n<div class=\"_1mf _1mj\" data-offset-key=\"4u13f-0-0\"><span data-offset-key=\"4u13f-0-0\">\u00a0<\/span><\/div>\n<\/div>\n<div class=\"\" data-block=\"true\" data-editor=\"1p4e8\" data-offset-key=\"e7182-0-0\">\n<div class=\"_1mf _1mj\" data-offset-key=\"e7182-0-0\"><span data-offset-key=\"e7182-0-0\">Todo preparado para la Expo del Pebre y la Empanada, donde podr\u00e1 encontrar adem\u00e1s vinos de la zona, dig\u00fce\u00f1es, cazuela de ave de campo, artesan\u00edas, donde la reina ser\u00e1 la empanada y el rey ser\u00e1 el pebre.<\/span><\/div>\n<\/div>\n<div class=\"_1mf _1mj\" data-offset-key=\"8jmtj-0-0\"><span data-offset-key=\"8jmtj-0-0\">\u00a0<\/span><\/div>\n<div data-offset-key=\"8jmtj-0-0\"><div style=\"width: 99%\" class=\"spider_message\"><div class=\"wd_error\"><p><strong>There is no slider selected or the slider was deleted.<\/strong><\/p><\/div><\/div><\/div>\n<div data-offset-key=\"8jmtj-0-0\"><\/div>\n<div class=\"\" data-block=\"true\" data-editor=\"1p4e8\" data-offset-key=\"baaco-0-0\">\n<div class=\"_1mf _1mj\" data-offset-key=\"baaco-0-0\"><span data-offset-key=\"baaco-0-0\">\ud835\ude14\ud835\ude26 \ud835\ude28\ud835\ude36\ud835\ude34\ud835\ude35\ud835\ude22, \ud835\ude0a\ud835\ude30\ud835\ude2e\ud835\ude26\ud835\ude2f\ud835\ude35\ud835\ude22 &amp; \ud835\ude0a\ud835\ude30\ud835\ude2e\ud835\ude31\ud835\ude22\ud835\ude33\ud835\ude35\ud835\ude26 \ud83d\udce2\ud83d\udcac<\/span><\/div>\n<\/div>\n<div class=\"\" data-block=\"true\" data-editor=\"1p4e8\" data-offset-key=\"5m9sc-0-0\">\n<div class=\"_1mf _1mj\" data-offset-key=\"5m9sc-0-0\"><span data-offset-key=\"5m9sc-0-0\">\u00a0<\/span><\/div>\n<\/div>\n<div class=\"\" data-block=\"true\" data-editor=\"1p4e8\" data-offset-key=\"8d8ck-0-0\">\n<div class=\"_1mf _1mj\" data-offset-key=\"8d8ck-0-0\"><span class=\"_5zk7\" spellcheck=\"false\" data-offset-key=\"8d8ck-0-0\"><span data-offset-key=\"8d8ck-0-0\">#AlcaldeBaldomeroSantos<\/span><\/span> <span class=\"_5zk7\" spellcheck=\"false\" data-offset-key=\"8d8ck-2-0\"><span data-offset-key=\"8d8ck-2-0\">#Muniteodoro<\/span><\/span> <span class=\"_5zk7\" spellcheck=\"false\" data-offset-key=\"8d8ck-4-0\"><span data-offset-key=\"8d8ck-4-0\">#TeodoroSchmidt<\/span><\/span><\/div>\n<\/div>\n<div class=\"\" data-block=\"true\" data-editor=\"1p4e8\" data-offset-key=\"8ns24-0-0\"><\/div>\n","protected":false},"excerpt":{"rendered":"<p>[\ud835\uddd9\ud835\udddc\ud835\uddd8\ud835\udde6\ud835\udde7\ud835\uddd4\ud835\udde6 \ud835\udde3\ud835\uddd4\ud835\udde7\ud835\udde5\ud835\udddc\ud835\uddd4\ud835\udde6] \u00a0 Todo preparado para la Expo del Pebre y la Empanada, donde podr\u00e1 encontrar adem\u00e1s vinos de la zona, dig\u00fce\u00f1es, cazuela de ave de campo, artesan\u00edas, donde la reina ser\u00e1 la empanada y el rey ser\u00e1 el pebre. \u00a0 \ud835\ude14\ud835\ude26 \ud835\ude28\ud835\ude36\ud835\ude34\ud835\ude35\ud835\ude22, \ud835\ude0a\ud835\ude30\ud835\ude2e\ud835\ude26\ud835\ude2f\ud835\ude35\ud835\ude22 &amp; \ud835\ude0a\ud835\ude30\ud835\ude2e\ud835\ude31\ud835\ude22\ud835\ude33\ud835\ude35\ud835\ude26 \ud83d\udce2\ud83d\udcac \u00a0 #AlcaldeBaldomeroSantos #Muniteodoro #TeodoroSchmidt<\/p>\n","protected":false},"author":5,"featured_media":0,"comment_status":"open","ping_status":"open","sticky":false,"template":"","format":"standard","meta":{"xn-wppe-expiration":[],"xn-wppe-expiration-action":[],"xn-wppe-expiration-prefix":[],"footnotes":""},"categories":[4,2,3,86,84,98,92,7],"tags":[],"class_list":["post-11975","post","type-post","status-publish","format-standard","hentry","category-barros_arana","category-hualpin","category-teodoro_schmidt","category-alcalde-baldomero-santos","category-dideco","category-fiestas-patrias-2022","category-municipalidad-en-terreno","category-noticias"],"publishpress_future_action":{"enabled":false,"date":"2026-09-10 07:34:57","action":"change-status","newStatus":"draft","terms":[],"taxonomy":"category","extraData":[]},"publishpress_future_workflow_manual_trigger":{"enabledWorkflows":[]},"_links":{"self":[{"href":"https:\/\/muniteodoro.cl\/portal\/wp-json\/wp\/v2\/posts\/11975","targetHints":{"allow":["GET"]}}],"collection":[{"href":"https:\/\/muniteodoro.cl\/portal\/wp-json\/wp\/v2\/posts"}],"about":[{"href":"https:\/\/muniteodoro.cl\/portal\/wp-json\/wp\/v2\/types\/post"}],"author":[{"embeddable":true,"href":"https:\/\/muniteodoro.cl\/portal\/wp-json\/wp\/v2\/users\/5"}],"replies":[{"embeddable":true,"href":"https:\/\/muniteodoro.cl\/portal\/wp-json\/wp\/v2\/comments?post=11975"}],"version-history":[{"count":1,"href":"https:\/\/muniteodoro.cl\/portal\/wp-json\/wp\/v2\/posts\/11975\/revisions"}],"predecessor-version":[{"id":12025,"href":"https:\/\/muniteodoro.cl\/portal\/wp-json\/wp\/v2\/posts\/11975\/revisions\/12025"}],"wp:attachment":[{"href":"https:\/\/muniteodoro.cl\/portal\/wp-json\/wp\/v2\/media?parent=11975"}],"wp:term":[{"taxonomy":"category","embeddable":true,"href":"https:\/\/muniteodoro.cl\/portal\/wp-json\/wp\/v2\/categories?post=11975"},{"taxonomy":"post_tag","embeddable":true,"href":"https:\/\/muniteodoro.cl\/portal\/wp-json\/wp\/v2\/tags?post=11975"}],"curies":[{"name":"wp","href":"https:\/\/api.w.org\/{rel}","templated":true}]}}