{"id":12053,"date":"2022-09-13T16:47:21","date_gmt":"2022-09-13T19:47:21","guid":{"rendered":"https:\/\/muniteodoro.cl\/portal\/?p=12053"},"modified":"2022-09-13T16:47:21","modified_gmt":"2022-09-13T19:47:21","slug":"vacaciones-tercera-edad-del-sernatur","status":"publish","type":"post","link":"https:\/\/muniteodoro.cl\/portal\/2022\/09\/13\/vacaciones-tercera-edad-del-sernatur\/","title":{"rendered":"VACACIONES TERCERA EDAD DEL SERNATUR  &nbsp; &nbsp; &nbsp;"},"content":{"rendered":"<div class=\"\" data-block=\"true\" data-editor=\"8bmno\" data-offset-key=\"7kl0v-0-0\">\n<div class=\"_1mf _1mj\" data-offset-key=\"7kl0v-0-0\"><span data-offset-key=\"7kl0v-0-0\">Entre risas y abrazos fueron despedidos la ma\u00f1ana de ayer los adultos mayores que se fueron de vacaciones a <\/span><span class=\"_5zk7\" spellcheck=\"false\" data-offset-key=\"7kl0v-1-0\"><span data-offset-key=\"7kl0v-1-0\">#Currarrehue<\/span><\/span><span data-offset-key=\"7kl0v-2-0\">, donde est\u00e1n disfrutando a esta hora de excursiones, city tour y una rica gastronom\u00eda. Todo esto gracias al \u201cPrograma Vacaciones Tercera Edad del <\/span><span class=\"_5zk7\" spellcheck=\"false\" data-offset-key=\"7kl0v-3-0\"><span data-offset-key=\"7kl0v-3-0\">#SERNATUR<\/span><\/span><span data-offset-key=\"7kl0v-4-0\">\u201d impulsado por nuestro Alcalde <\/span><span class=\"_247o\" spellcheck=\"false\" data-offset-key=\"7kl0v-5-0\"><span data-offset-key=\"7kl0v-5-0\">Baldomero Santos<\/span><\/span><span data-offset-key=\"7kl0v-6-0\">.<\/p>\n<p><\/span><\/div>\n<\/div>\n<div class=\"\" data-block=\"true\" data-editor=\"8bmno\" data-offset-key=\"evr99-0-0\">\n<div class=\"_1mf _1mj\" data-offset-key=\"evr99-0-0\"><span data-offset-key=\"evr99-0-0\"><div style=\"width: 99%\" class=\"spider_message\"><div class=\"wd_error\"><p><strong>There is no slider selected or the slider was deleted.<\/strong><\/p><\/div><\/div><\/p>\n<p><\/span><\/div>\n<\/div>\n<div class=\"\" data-block=\"true\" data-editor=\"8bmno\" data-offset-key=\"ds5ec-0-0\">\n<div class=\"_1mf _1mj\" data-offset-key=\"ds5ec-0-0\"><span data-offset-key=\"ds5ec-0-0\">\ud835\ude14\ud835\ude26 \ud835\ude28\ud835\ude36\ud835\ude34\ud835\ude35\ud835\ude22, \ud835\ude0a\ud835\ude30\ud835\ude2e\ud835\ude26\ud835\ude2f\ud835\ude35\ud835\ude22 &amp; \ud835\ude0a\ud835\ude30\ud835\ude2e\ud835\ude31\ud835\ude22\ud835\ude33\ud835\ude35\ud835\ude26 \ud83d\udce2\ud83d\udcac<\/span><\/div>\n<\/div>\n<div class=\"\" data-block=\"true\" data-editor=\"8bmno\" data-offset-key=\"4mbqa-0-0\">\n<div class=\"_1mf _1mj\" data-offset-key=\"4mbqa-0-0\"><span data-offset-key=\"4mbqa-0-0\">\u00a0<\/span><\/div>\n<\/div>\n<div class=\"\" data-block=\"true\" data-editor=\"8bmno\" data-offset-key=\"69llj-0-0\">\n<div class=\"_1mf _1mj\" data-offset-key=\"69llj-0-0\"><span class=\"_5zk7\" spellcheck=\"false\" data-offset-key=\"69llj-0-0\"><span data-offset-key=\"69llj-0-0\">#AlcaldeBaldomeroSantos<\/span><\/span> <span class=\"_5zk7\" spellcheck=\"false\" data-offset-key=\"69llj-2-0\"><span data-offset-key=\"69llj-2-0\">#Muniteodoro<\/span><\/span> <span class=\"_5zk7\" spellcheck=\"false\" data-offset-key=\"69llj-4-0\"><span data-offset-key=\"69llj-4-0\">#TeodoroSchmidt<\/span><\/span><\/div>\n<\/div>\n<div class=\"\" data-block=\"true\" data-editor=\"8bmno\" data-offset-key=\"3oioc-0-0\"><\/div>\n","protected":false},"excerpt":{"rendered":"<p>Entre risas y abrazos fueron despedidos la ma\u00f1ana de ayer los adultos mayores que se fueron de vacaciones a #Currarrehue, donde est\u00e1n disfrutando a esta hora de excursiones, city tour y una rica gastronom\u00eda. Todo esto gracias al \u201cPrograma Vacaciones Tercera Edad del #SERNATUR\u201d impulsado por nuestro Alcalde Baldomero Santos. \ud835\ude14\ud835\ude26 \ud835\ude28\ud835\ude36\ud835\ude34\ud835\ude35\ud835\ude22, \ud835\ude0a\ud835\ude30\ud835\ude2e\ud835\ude26\ud835\ude2f\ud835\ude35\ud835\ude22 &amp; \ud835\ude0a\ud835\ude30\ud835\ude2e\ud835\ude31\ud835\ude22\ud835\ude33\ud835\ude35\ud835\ude26 [&hellip;]<\/p>\n","protected":false},"author":5,"featured_media":0,"comment_status":"open","ping_status":"open","sticky":false,"template":"","format":"standard","meta":{"xn-wppe-expiration":[],"xn-wppe-expiration-action":[],"xn-wppe-expiration-prefix":[],"footnotes":""},"categories":[4,2,3,86,84,7],"tags":[],"class_list":["post-12053","post","type-post","status-publish","format-standard","hentry","category-barros_arana","category-hualpin","category-teodoro_schmidt","category-alcalde-baldomero-santos","category-dideco","category-noticias"],"publishpress_future_action":{"enabled":false,"date":"2026-09-10 08:39:59","action":"change-status","newStatus":"draft","terms":[],"taxonomy":"category","extraData":[]},"publishpress_future_workflow_manual_trigger":{"enabledWorkflows":[]},"_links":{"self":[{"href":"https:\/\/muniteodoro.cl\/portal\/wp-json\/wp\/v2\/posts\/12053","targetHints":{"allow":["GET"]}}],"collection":[{"href":"https:\/\/muniteodoro.cl\/portal\/wp-json\/wp\/v2\/posts"}],"about":[{"href":"https:\/\/muniteodoro.cl\/portal\/wp-json\/wp\/v2\/types\/post"}],"author":[{"embeddable":true,"href":"https:\/\/muniteodoro.cl\/portal\/wp-json\/wp\/v2\/users\/5"}],"replies":[{"embeddable":true,"href":"https:\/\/muniteodoro.cl\/portal\/wp-json\/wp\/v2\/comments?post=12053"}],"version-history":[{"count":1,"href":"https:\/\/muniteodoro.cl\/portal\/wp-json\/wp\/v2\/posts\/12053\/revisions"}],"predecessor-version":[{"id":12060,"href":"https:\/\/muniteodoro.cl\/portal\/wp-json\/wp\/v2\/posts\/12053\/revisions\/12060"}],"wp:attachment":[{"href":"https:\/\/muniteodoro.cl\/portal\/wp-json\/wp\/v2\/media?parent=12053"}],"wp:term":[{"taxonomy":"category","embeddable":true,"href":"https:\/\/muniteodoro.cl\/portal\/wp-json\/wp\/v2\/categories?post=12053"},{"taxonomy":"post_tag","embeddable":true,"href":"https:\/\/muniteodoro.cl\/portal\/wp-json\/wp\/v2\/tags?post=12053"}],"curies":[{"name":"wp","href":"https:\/\/api.w.org\/{rel}","templated":true}]}}