{"id":12654,"date":"2022-09-30T15:38:25","date_gmt":"2022-09-30T18:38:25","guid":{"rendered":"https:\/\/muniteodoro.cl\/portal\/?p=12654"},"modified":"2022-09-30T15:38:25","modified_gmt":"2022-09-30T18:38:25","slug":"cuecadas-en-teodoro-schmidt","status":"publish","type":"post","link":"https:\/\/muniteodoro.cl\/portal\/2022\/09\/30\/cuecadas-en-teodoro-schmidt\/","title":{"rendered":"CUECADAS EN TEODORO SCHMIDT  &nbsp; &nbsp; &nbsp;"},"content":{"rendered":"<div class=\"\" data-block=\"true\" data-editor=\"7et17\" data-offset-key=\"3hepo-0-0\">\n<div class=\"_1mf _1mj\" data-offset-key=\"3hepo-0-0\"><span data-offset-key=\"3hepo-0-0\">[\ud835\uddd9\ud835\udddc\ud835\uddd8\ud835\udde6\ud835\udde7\ud835\uddd4\ud835\udde6 \ud835\udde3\ud835\uddd4\ud835\udde7\ud835\udde5\ud835\udddc\ud835\uddd4\ud835\udde6]<\/span><\/div>\n<\/div>\n<div class=\"\" data-block=\"true\" data-editor=\"7et17\" data-offset-key=\"6ej96-0-0\">\n<div class=\"_1mf _1mj\" data-offset-key=\"6ej96-0-0\"><span data-offset-key=\"6ej96-0-0\">\u00a0<\/span><\/div>\n<\/div>\n<div class=\"\" data-block=\"true\" data-editor=\"7et17\" data-offset-key=\"dbrop-0-0\">\n<div class=\"_1mf _1mj\" data-offset-key=\"dbrop-0-0\"><span data-offset-key=\"dbrop-0-0\">Animada y alegre fue la tradicional Cuecada de Fiestas Patrias en el Frontis de la municipalidad de Teodoro Schmidt. <\/span><\/div>\n<\/div>\n<div class=\"\" data-block=\"true\" data-editor=\"7et17\" data-offset-key=\"88ult-0-0\">\n<div class=\"_1mf _1mj\" data-offset-key=\"88ult-0-0\"><span data-offset-key=\"88ult-0-0\">\u00a0<\/span><\/div>\n<\/div>\n<div class=\"\" data-block=\"true\" data-editor=\"7et17\" data-offset-key=\"d2v8o-0-0\">\n<div class=\"_1mf _1mj\" data-offset-key=\"d2v8o-0-0\"><span data-offset-key=\"d2v8o-0-0\">Encabezado por nuestro Alcalde Baldomero Santos, el evento patrio cont\u00f3 con la picard\u00eda y pasi\u00f3n de las agrupaciones folcl\u00f3rica Hueney Dum y Cantares de Chile de Gorbea, donde la cueca rein\u00f3 el espect\u00e1culo, junto a danzas caporales del Ballet Folcl\u00f3rico de la Comuna que enriquecieron la festiva muestra de tradiciones patrias.<\/p>\n<div style=\"width: 99%\" class=\"spider_message\"><div class=\"wd_error\"><p><strong>There is no slider selected or the slider was deleted.<\/strong><\/p><\/div><\/div>\n<p><\/span><\/div>\n<\/div>\n<div class=\"\" data-block=\"true\" data-editor=\"7et17\" data-offset-key=\"508gr-0-0\">\n<div class=\"_1mf _1mj\" data-offset-key=\"508gr-0-0\"><span data-offset-key=\"508gr-0-0\">\u00a0<\/span><\/div>\n<\/div>\n<div class=\"\" data-block=\"true\" data-editor=\"7et17\" data-offset-key=\"14j46-0-0\">\n<div class=\"_1mf _1mj\" data-offset-key=\"14j46-0-0\"><span data-offset-key=\"14j46-0-0\">\ud835\ude14\ud835\ude26 \ud835\ude28\ud835\ude36\ud835\ude34\ud835\ude35\ud835\ude22, \ud835\ude0a\ud835\ude30\ud835\ude2e\ud835\ude26\ud835\ude2f\ud835\ude35\ud835\ude22 &amp; \ud835\ude0a\ud835\ude30\ud835\ude2e\ud835\ude31\ud835\ude22\ud835\ude33\ud835\ude35\ud835\ude26 \ud83d\udce2\ud83d\udcac<\/span><\/div>\n<\/div>\n<div class=\"\" data-block=\"true\" data-editor=\"7et17\" data-offset-key=\"dg9r2-0-0\">\n<div class=\"_1mf _1mj\" data-offset-key=\"dg9r2-0-0\"><span data-offset-key=\"dg9r2-0-0\">\u00a0<\/span><\/div>\n<\/div>\n<div class=\"\" data-block=\"true\" data-editor=\"7et17\" data-offset-key=\"3mqtj-0-0\">\n<div class=\"_1mf _1mj\" data-offset-key=\"3mqtj-0-0\"><span class=\"_5zk7\" spellcheck=\"false\" data-offset-key=\"3mqtj-0-0\"><span data-offset-key=\"3mqtj-0-0\">#AlcaldeBaldomeroSantos<\/span><\/span> <span class=\"_5zk7\" spellcheck=\"false\" data-offset-key=\"3mqtj-2-0\"><span data-offset-key=\"3mqtj-2-0\">#Muniteodoro<\/span><\/span> <span class=\"_5zk7\" spellcheck=\"false\" data-offset-key=\"3mqtj-4-0\"><span data-offset-key=\"3mqtj-4-0\">#TeodoroSchmidt<\/span><\/span><\/div>\n<\/div>\n","protected":false},"excerpt":{"rendered":"<p>[\ud835\uddd9\ud835\udddc\ud835\uddd8\ud835\udde6\ud835\udde7\ud835\uddd4\ud835\udde6 \ud835\udde3\ud835\uddd4\ud835\udde7\ud835\udde5\ud835\udddc\ud835\uddd4\ud835\udde6] \u00a0 Animada y alegre fue la tradicional Cuecada de Fiestas Patrias en el Frontis de la municipalidad de Teodoro Schmidt. \u00a0 Encabezado por nuestro Alcalde Baldomero Santos, el evento patrio cont\u00f3 con la picard\u00eda y pasi\u00f3n de las agrupaciones folcl\u00f3rica Hueney Dum y Cantares de Chile de Gorbea, donde la cueca rein\u00f3 el [&hellip;]<\/p>\n","protected":false},"author":5,"featured_media":0,"comment_status":"open","ping_status":"open","sticky":false,"template":"","format":"standard","meta":{"xn-wppe-expiration":[],"xn-wppe-expiration-action":[],"xn-wppe-expiration-prefix":[],"footnotes":""},"categories":[4,2,3,86,84,98,92,7],"tags":[],"class_list":["post-12654","post","type-post","status-publish","format-standard","hentry","category-barros_arana","category-hualpin","category-teodoro_schmidt","category-alcalde-baldomero-santos","category-dideco","category-fiestas-patrias-2022","category-municipalidad-en-terreno","category-noticias"],"publishpress_future_action":{"enabled":false,"date":"2026-09-10 08:32:59","action":"change-status","newStatus":"draft","terms":[],"taxonomy":"category","extraData":[]},"publishpress_future_workflow_manual_trigger":{"enabledWorkflows":[]},"_links":{"self":[{"href":"https:\/\/muniteodoro.cl\/portal\/wp-json\/wp\/v2\/posts\/12654","targetHints":{"allow":["GET"]}}],"collection":[{"href":"https:\/\/muniteodoro.cl\/portal\/wp-json\/wp\/v2\/posts"}],"about":[{"href":"https:\/\/muniteodoro.cl\/portal\/wp-json\/wp\/v2\/types\/post"}],"author":[{"embeddable":true,"href":"https:\/\/muniteodoro.cl\/portal\/wp-json\/wp\/v2\/users\/5"}],"replies":[{"embeddable":true,"href":"https:\/\/muniteodoro.cl\/portal\/wp-json\/wp\/v2\/comments?post=12654"}],"version-history":[{"count":1,"href":"https:\/\/muniteodoro.cl\/portal\/wp-json\/wp\/v2\/posts\/12654\/revisions"}],"predecessor-version":[{"id":12730,"href":"https:\/\/muniteodoro.cl\/portal\/wp-json\/wp\/v2\/posts\/12654\/revisions\/12730"}],"wp:attachment":[{"href":"https:\/\/muniteodoro.cl\/portal\/wp-json\/wp\/v2\/media?parent=12654"}],"wp:term":[{"taxonomy":"category","embeddable":true,"href":"https:\/\/muniteodoro.cl\/portal\/wp-json\/wp\/v2\/categories?post=12654"},{"taxonomy":"post_tag","embeddable":true,"href":"https:\/\/muniteodoro.cl\/portal\/wp-json\/wp\/v2\/tags?post=12654"}],"curies":[{"name":"wp","href":"https:\/\/api.w.org\/{rel}","templated":true}]}}