{"id":12754,"date":"2022-10-05T11:30:29","date_gmt":"2022-10-05T14:30:29","guid":{"rendered":"https:\/\/muniteodoro.cl\/portal\/?p=12754"},"modified":"2022-10-05T11:30:29","modified_gmt":"2022-10-05T14:30:29","slug":"cuadrangular-de-bochas-en-barros-arana","status":"publish","type":"post","link":"https:\/\/muniteodoro.cl\/portal\/2022\/10\/05\/cuadrangular-de-bochas-en-barros-arana\/","title":{"rendered":"CUADRANGULAR DE BOCHAS EN BARROS ARANA  &nbsp; &nbsp; &nbsp;"},"content":{"rendered":"<div class=\"\" data-block=\"true\" data-editor=\"53j8g\" data-offset-key=\"7daen-0-0\">\n<div class=\"_1mf _1mj\" data-offset-key=\"7daen-0-0\"><span data-offset-key=\"7daen-0-0\">[\ud835\udddc\ud835\udde1\ud835\uddd6\ud835\udddf\ud835\udde8\ud835\udde6\ud835\udddc\u00d3\ud835\udde1]<\/span><\/div>\n<\/div>\n<div class=\"\" data-block=\"true\" data-editor=\"53j8g\" data-offset-key=\"avg2a-0-0\">\n<div class=\"_1mf _1mj\" data-offset-key=\"avg2a-0-0\"><span data-offset-key=\"avg2a-0-0\">\u00a0<\/span><\/div>\n<\/div>\n<div class=\"\" data-block=\"true\" data-editor=\"53j8g\" data-offset-key=\"6a8av-0-0\">\n<div class=\"_1mf _1mj\" data-offset-key=\"6a8av-0-0\"><span data-offset-key=\"6a8av-0-0\">Ad Portas de la Telet\u00f3n, un entretenido Cuadrangular Inclusivo de Bochas organizado por la Municipalidad de Teodoro Schmidt en el marco del Programa de Inclusi\u00f3n Social para Personas en Situaci\u00f3n de Discapacidad y Programa Promoviendo El Deporte y la Recreaci\u00f3n, tuvo lugar en el Gimnasio de Barros Arana. <\/span><\/div>\n<\/div>\n<div class=\"\" data-block=\"true\" data-editor=\"53j8g\" data-offset-key=\"31puf-0-0\">\n<div class=\"_1mf _1mj\" data-offset-key=\"31puf-0-0\"><span data-offset-key=\"31puf-0-0\">\u00a0<\/span><\/div>\n<\/div>\n<div class=\"\" data-block=\"true\" data-editor=\"53j8g\" data-offset-key=\"9s966-0-0\">\n<div class=\"_1mf _1mj\" data-offset-key=\"9s966-0-0\"><span data-offset-key=\"9s966-0-0\">La copa de campeones se la llev\u00f3 la delegaci\u00f3n del Programa Municipal de Discapacidad de Freire con 8 puntos a tres sobre el Club la esperanza de Hualpin equipo 2, quienes abrazaron el segundo lugar, seguido por representantes del Concejo de Discapacidad de Cunco equipo 1 en el tercer lugar tambi\u00e9n con 8 puntos sobre cero del equipo Horizontes de Hualpin 2. Menci\u00f3n honrosa por participaci\u00f3n del Club Deportivo Stephen Hawking, de Pitrufqu\u00e9n. <\/span><\/div>\n<\/div>\n<div class=\"\" data-block=\"true\" data-editor=\"53j8g\" data-offset-key=\"epiuc-0-0\">\n<div class=\"_1mf _1mj\" data-offset-key=\"epiuc-0-0\"><span data-offset-key=\"epiuc-0-0\">\u00a0<\/span><\/div>\n<\/div>\n<div class=\"\" data-block=\"true\" data-editor=\"53j8g\" data-offset-key=\"ab26m-0-0\">\n<div class=\"_1mf _1mj\" data-offset-key=\"ab26m-0-0\"><span data-offset-key=\"ab26m-0-0\">Jornada de camarader\u00eda, amistad y sana competencia, con la especial dedicaci\u00f3n que solicit\u00f3 nuestro Alcalde Baldomero Santos donde el disfrute y la alegr\u00eda han caracterizado el encuentro.<\/p>\n<div style=\"width: 99%\" class=\"spider_message\"><div class=\"wd_error\"><p><strong>There is no slider selected or the slider was deleted.<\/strong><\/p><\/div><\/div>\n<p><\/span><\/div>\n<\/div>\n<div class=\"\" data-block=\"true\" data-editor=\"53j8g\" data-offset-key=\"dd1f2-0-0\">\n<div class=\"_1mf _1mj\" data-offset-key=\"dd1f2-0-0\"><span data-offset-key=\"dd1f2-0-0\">\u00a0<\/span><\/div>\n<\/div>\n<div class=\"\" data-block=\"true\" data-editor=\"53j8g\" data-offset-key=\"e9ijh-0-0\">\n<div class=\"_1mf _1mj\" data-offset-key=\"e9ijh-0-0\"><span data-offset-key=\"e9ijh-0-0\">\ud835\ude14\ud835\ude26 \ud835\ude28\ud835\ude36\ud835\ude34\ud835\ude35\ud835\ude22, \ud835\ude0a\ud835\ude30\ud835\ude2e\ud835\ude26\ud835\ude2f\ud835\ude35\ud835\ude22 &amp; \ud835\ude0a\ud835\ude30\ud835\ude2e\ud835\ude31\ud835\ude22\ud835\ude33\ud835\ude35\ud835\ude26 \ud83d\udce2\ud83d\udcac<\/span><\/div>\n<\/div>\n<div class=\"\" data-block=\"true\" data-editor=\"53j8g\" data-offset-key=\"d85n1-0-0\">\n<div class=\"_1mf _1mj\" data-offset-key=\"d85n1-0-0\"><span data-offset-key=\"d85n1-0-0\">\u00a0<\/span><\/div>\n<\/div>\n<div class=\"\" data-block=\"true\" data-editor=\"53j8g\" data-offset-key=\"eqeht-0-0\">\n<div class=\"_1mf _1mj\" data-offset-key=\"eqeht-0-0\"><span class=\"_5zk7\" spellcheck=\"false\" data-offset-key=\"eqeht-0-0\"><span data-offset-key=\"eqeht-0-0\">#AlcaldeBaldomeroSantos<\/span><\/span> <span class=\"_5zk7\" spellcheck=\"false\" data-offset-key=\"eqeht-2-0\"><span data-offset-key=\"eqeht-2-0\">#Muniteodoro<\/span><\/span> <span class=\"_5zk7\" spellcheck=\"false\" data-offset-key=\"eqeht-4-0\"><span data-offset-key=\"eqeht-4-0\">#TeodoroSchmidt<\/span><\/span><\/div>\n<\/div>\n","protected":false},"excerpt":{"rendered":"<p>[\ud835\udddc\ud835\udde1\ud835\uddd6\ud835\udddf\ud835\udde8\ud835\udde6\ud835\udddc\u00d3\ud835\udde1] \u00a0 Ad Portas de la Telet\u00f3n, un entretenido Cuadrangular Inclusivo de Bochas organizado por la Municipalidad de Teodoro Schmidt en el marco del Programa de Inclusi\u00f3n Social para Personas en Situaci\u00f3n de Discapacidad y Programa Promoviendo El Deporte y la Recreaci\u00f3n, tuvo lugar en el Gimnasio de Barros Arana. \u00a0 La copa de campeones [&hellip;]<\/p>\n","protected":false},"author":5,"featured_media":0,"comment_status":"open","ping_status":"open","sticky":false,"template":"","format":"standard","meta":{"xn-wppe-expiration":[],"xn-wppe-expiration-action":[],"xn-wppe-expiration-prefix":[],"footnotes":""},"categories":[4,84,92,7],"tags":[],"class_list":["post-12754","post","type-post","status-publish","format-standard","hentry","category-barros_arana","category-dideco","category-municipalidad-en-terreno","category-noticias"],"publishpress_future_action":{"enabled":false,"date":"2026-09-10 08:32:50","action":"change-status","newStatus":"draft","terms":[],"taxonomy":"category","extraData":[]},"publishpress_future_workflow_manual_trigger":{"enabledWorkflows":[]},"_links":{"self":[{"href":"https:\/\/muniteodoro.cl\/portal\/wp-json\/wp\/v2\/posts\/12754","targetHints":{"allow":["GET"]}}],"collection":[{"href":"https:\/\/muniteodoro.cl\/portal\/wp-json\/wp\/v2\/posts"}],"about":[{"href":"https:\/\/muniteodoro.cl\/portal\/wp-json\/wp\/v2\/types\/post"}],"author":[{"embeddable":true,"href":"https:\/\/muniteodoro.cl\/portal\/wp-json\/wp\/v2\/users\/5"}],"replies":[{"embeddable":true,"href":"https:\/\/muniteodoro.cl\/portal\/wp-json\/wp\/v2\/comments?post=12754"}],"version-history":[{"count":1,"href":"https:\/\/muniteodoro.cl\/portal\/wp-json\/wp\/v2\/posts\/12754\/revisions"}],"predecessor-version":[{"id":12768,"href":"https:\/\/muniteodoro.cl\/portal\/wp-json\/wp\/v2\/posts\/12754\/revisions\/12768"}],"wp:attachment":[{"href":"https:\/\/muniteodoro.cl\/portal\/wp-json\/wp\/v2\/media?parent=12754"}],"wp:term":[{"taxonomy":"category","embeddable":true,"href":"https:\/\/muniteodoro.cl\/portal\/wp-json\/wp\/v2\/categories?post=12754"},{"taxonomy":"post_tag","embeddable":true,"href":"https:\/\/muniteodoro.cl\/portal\/wp-json\/wp\/v2\/tags?post=12754"}],"curies":[{"name":"wp","href":"https:\/\/api.w.org\/{rel}","templated":true}]}}