{"id":12970,"date":"2022-10-25T13:21:35","date_gmt":"2022-10-25T16:21:35","guid":{"rendered":"https:\/\/muniteodoro.cl\/portal\/?p=12970"},"modified":"2022-10-25T13:21:35","modified_gmt":"2022-10-25T16:21:35","slug":"ceremonia-de-certificacion-programa-autoconsumo-2021","status":"publish","type":"post","link":"https:\/\/muniteodoro.cl\/portal\/2022\/10\/25\/ceremonia-de-certificacion-programa-autoconsumo-2021\/","title":{"rendered":"CEREMONIA DE CERTIFICACI\u00d3N \u00abPROGRAMA AUTOCONSUMO 2021\u00bb  &nbsp; &nbsp; &nbsp;"},"content":{"rendered":"<div class=\"\" data-block=\"true\" data-editor=\"lump\" data-offset-key=\"32euf-0-0\">\n<div class=\"_1mf _1mj\" data-offset-key=\"32euf-0-0\"><span data-offset-key=\"32euf-0-0\">[\ud835\udde6\ud835\udde2\ud835\uddd6\ud835\udddc\ud835\uddd4\ud835\udddf]<\/span><\/div>\n<\/div>\n<div class=\"\" data-block=\"true\" data-editor=\"lump\" data-offset-key=\"4n9bm-0-0\">\n<div class=\"_1mf _1mj\" data-offset-key=\"4n9bm-0-0\"><span data-offset-key=\"4n9bm-0-0\">\u00a0<\/span><\/div>\n<\/div>\n<div class=\"\" data-block=\"true\" data-editor=\"lump\" data-offset-key=\"cdqpm-0-0\">\n<div class=\"_1mf _1mj\" data-offset-key=\"cdqpm-0-0\"><span data-offset-key=\"cdqpm-0-0\">$14.000.000.- en inversi\u00f3n social desde el programa \u00abApoyo a Familias para Autoconsumo 2021\u00bb del Fosis, v\u00eda Sistema de Seguridad y Oportunidades en alianza con el municipio de Teodoro Schmidt, recibieron 20 familias vulnerables de la comuna. <\/span><\/div>\n<\/div>\n<div class=\"\" data-block=\"true\" data-editor=\"lump\" data-offset-key=\"j4ei-0-0\">\n<div class=\"_1mf _1mj\" data-offset-key=\"j4ei-0-0\"><span data-offset-key=\"j4ei-0-0\">\u00a0<\/span><\/div>\n<\/div>\n<div class=\"\" data-block=\"true\" data-editor=\"lump\" data-offset-key=\"1svef-0-0\">\n<div class=\"_1mf _1mj\" data-offset-key=\"1svef-0-0\"><span data-offset-key=\"1svef-0-0\">La iniciativa coordinada desde el municipio provee de gallinero para 7 familias, 8 con invernaderos, 16 con cercos convencionales, entre otros adelantos, apuntando a autoprovisi\u00f3n de alimentaci\u00f3n sana y saludable, a fin de mejorar la situaci\u00f3n econ\u00f3mica de cada una de ellas.<\/span><\/div>\n<\/div>\n<div class=\"\" data-block=\"true\" data-editor=\"lump\" data-offset-key=\"9goj5-0-0\">\n<div class=\"_1mf _1mj\" data-offset-key=\"9goj5-0-0\"><span data-offset-key=\"9goj5-0-0\">\u00a0<\/span><\/div>\n<\/div>\n<div class=\"\" data-block=\"true\" data-editor=\"lump\" data-offset-key=\"14rvv-0-0\">\n<div class=\"_1mf _1mj\" data-offset-key=\"14rvv-0-0\"><span data-offset-key=\"14rvv-0-0\">Ceremonia de certificaci\u00f3n encabezada por nuestro Alcalde <\/span><span class=\"_247o\" spellcheck=\"false\" data-offset-key=\"14rvv-1-0\"><span data-offset-key=\"14rvv-1-0\">Baldomero Santos<\/span><\/span><span data-offset-key=\"14rvv-2-0\">, que cont\u00f3 con la presencia de Mariela Huillipan, Seremi de Desarrollo Social y Familia, Tamara Torres, Directora Regional del Fosis, miembros del Concejo Municipal , entre otras autoridades.<\/p>\n<p><div style=\"width: 99%\" class=\"spider_message\"><div class=\"wd_error\"><p><strong>There is no slider selected or the slider was deleted.<\/strong><\/p><\/div><\/div><\/span><\/div>\n<\/div>\n<div class=\"\" data-block=\"true\" data-editor=\"lump\" data-offset-key=\"3mfu6-0-0\">\n<div class=\"_1mf _1mj\" data-offset-key=\"3mfu6-0-0\"><span data-offset-key=\"3mfu6-0-0\">\u00a0<\/span><\/div>\n<\/div>\n<div class=\"\" data-block=\"true\" data-editor=\"lump\" data-offset-key=\"ejrq8-0-0\">\n<div class=\"_1mf _1mj\" data-offset-key=\"ejrq8-0-0\"><span data-offset-key=\"ejrq8-0-0\"><\/p>\n<p>\ud835\ude14\ud835\ude26 \ud835\ude28\ud835\ude36\ud835\ude34\ud835\ude35\ud835\ude22, \ud835\ude0a\ud835\ude30\ud835\ude2e\ud835\ude26\ud835\ude2f\ud835\ude35\ud835\ude22 &amp; \ud835\ude0a\ud835\ude30\ud835\ude2e\ud835\ude31\ud835\ude22\ud835\ude33\ud835\ude35\ud835\ude26 \ud83d\udce2\ud83d\udcac<\/span><\/div>\n<\/div>\n<div class=\"\" data-block=\"true\" data-editor=\"lump\" data-offset-key=\"7qcv7-0-0\">\n<div class=\"_1mf _1mj\" data-offset-key=\"7qcv7-0-0\"><span data-offset-key=\"7qcv7-0-0\">\u00a0<\/span><\/div>\n<\/div>\n<div class=\"\" data-block=\"true\" data-editor=\"lump\" data-offset-key=\"3upgd-0-0\">\n<div class=\"_1mf _1mj\" data-offset-key=\"3upgd-0-0\"><span class=\"_5zk7\" spellcheck=\"false\" data-offset-key=\"3upgd-0-0\"><span data-offset-key=\"3upgd-0-0\">#AlcaldeBaldomeroSantos<\/span><\/span> <span class=\"_5zk7\" spellcheck=\"false\" data-offset-key=\"3upgd-2-0\"><span data-offset-key=\"3upgd-2-0\">#Muniteodoro<\/span><\/span> <span class=\"_5zk7\" spellcheck=\"false\" data-offset-key=\"3upgd-4-0\"><span data-offset-key=\"3upgd-4-0\">#TeodoroSchmidt<\/span><\/span><\/div>\n<\/div>\n<div class=\"\" data-block=\"true\" data-editor=\"lump\" data-offset-key=\"3e68g-0-0\"><\/div>\n","protected":false},"excerpt":{"rendered":"<p>[\ud835\udde6\ud835\udde2\ud835\uddd6\ud835\udddc\ud835\uddd4\ud835\udddf] \u00a0 $14.000.000.- en inversi\u00f3n social desde el programa \u00abApoyo a Familias para Autoconsumo 2021\u00bb del Fosis, v\u00eda Sistema de Seguridad y Oportunidades en alianza con el municipio de Teodoro Schmidt, recibieron 20 familias vulnerables de la comuna. \u00a0 La iniciativa coordinada desde el municipio provee de gallinero para 7 familias, 8 con invernaderos, 16 [&hellip;]<\/p>\n","protected":false},"author":5,"featured_media":0,"comment_status":"open","ping_status":"open","sticky":false,"template":"","format":"standard","meta":{"xn-wppe-expiration":[],"xn-wppe-expiration-action":[],"xn-wppe-expiration-prefix":[],"footnotes":""},"categories":[4,2,3,86,84,7],"tags":[],"class_list":["post-12970","post","type-post","status-publish","format-standard","hentry","category-barros_arana","category-hualpin","category-teodoro_schmidt","category-alcalde-baldomero-santos","category-dideco","category-noticias"],"publishpress_future_action":{"enabled":false,"date":"2026-09-10 08:39:13","action":"change-status","newStatus":"draft","terms":[],"taxonomy":"category","extraData":[]},"publishpress_future_workflow_manual_trigger":{"enabledWorkflows":[]},"_links":{"self":[{"href":"https:\/\/muniteodoro.cl\/portal\/wp-json\/wp\/v2\/posts\/12970","targetHints":{"allow":["GET"]}}],"collection":[{"href":"https:\/\/muniteodoro.cl\/portal\/wp-json\/wp\/v2\/posts"}],"about":[{"href":"https:\/\/muniteodoro.cl\/portal\/wp-json\/wp\/v2\/types\/post"}],"author":[{"embeddable":true,"href":"https:\/\/muniteodoro.cl\/portal\/wp-json\/wp\/v2\/users\/5"}],"replies":[{"embeddable":true,"href":"https:\/\/muniteodoro.cl\/portal\/wp-json\/wp\/v2\/comments?post=12970"}],"version-history":[{"count":1,"href":"https:\/\/muniteodoro.cl\/portal\/wp-json\/wp\/v2\/posts\/12970\/revisions"}],"predecessor-version":[{"id":13006,"href":"https:\/\/muniteodoro.cl\/portal\/wp-json\/wp\/v2\/posts\/12970\/revisions\/13006"}],"wp:attachment":[{"href":"https:\/\/muniteodoro.cl\/portal\/wp-json\/wp\/v2\/media?parent=12970"}],"wp:term":[{"taxonomy":"category","embeddable":true,"href":"https:\/\/muniteodoro.cl\/portal\/wp-json\/wp\/v2\/categories?post=12970"},{"taxonomy":"post_tag","embeddable":true,"href":"https:\/\/muniteodoro.cl\/portal\/wp-json\/wp\/v2\/tags?post=12970"}],"curies":[{"name":"wp","href":"https:\/\/api.w.org\/{rel}","templated":true}]}}