{"id":13895,"date":"2022-12-06T14:36:49","date_gmt":"2022-12-06T17:36:49","guid":{"rendered":"https:\/\/muniteodoro.cl\/portal\/?p=13895"},"modified":"2022-12-06T14:36:49","modified_gmt":"2022-12-06T17:36:49","slug":"segundo-lugar-en-la-serie-b-de-la-liga-voleibol-costa-2022","status":"publish","type":"post","link":"https:\/\/muniteodoro.cl\/portal\/2022\/12\/06\/segundo-lugar-en-la-serie-b-de-la-liga-voleibol-costa-2022\/","title":{"rendered":"SEGUNDO LUGAR EN LA SERIE B DE LA LIGA VOLEIBOL COSTA 2022   &nbsp; &nbsp; &nbsp;"},"content":{"rendered":"<div class=\"\" data-block=\"true\" data-editor=\"4faic\" data-offset-key=\"6l6r4-0-0\">\n<div class=\"_1mf _1mj\" data-offset-key=\"6l6r4-0-0\"><span data-offset-key=\"6l6r4-0-0\">El segundo lugar en la Serie B de la liga Voleibol Costa 2022 obtuvo nuestra delegaci\u00f3n de Teodoro Schmidt, compitiendo con equipos de toda Costa Araucan\u00eda. Fueron ocho fechas que se disputaron desde agosto, donde nuestro equipo dio lo mejor de s\u00ed obteniendo el notable resultado. Felicidades a los deportistas.<\/p>\n<p><div style=\"width: 99%\" class=\"spider_message\"><div class=\"wd_error\"><p><strong>There is no slider selected or the slider was deleted.<\/strong><\/p><\/div><\/div><\/span><\/div>\n<\/div>\n<div class=\"\" data-block=\"true\" data-editor=\"4faic\" data-offset-key=\"9rgj5-0-0\">\n<div class=\"_1mf _1mj\" data-offset-key=\"9rgj5-0-0\"><span data-offset-key=\"9rgj5-0-0\">\u00a0<\/span><\/div>\n<\/div>\n<div class=\"\" data-block=\"true\" data-editor=\"4faic\" data-offset-key=\"v8c-0-0\">\n<div class=\"_1mf _1mj\" data-offset-key=\"v8c-0-0\"><span class=\"_5zk7\" spellcheck=\"false\" data-offset-key=\"v8c-0-0\"><span data-offset-key=\"v8c-0-0\"><br \/>\n#AlcaldeBaldomeroSantos<\/span><\/span> <span class=\"_5zk7\" spellcheck=\"false\" data-offset-key=\"v8c-2-0\"><span data-offset-key=\"v8c-2-0\">#Muniteodoro<\/span><\/span> <span class=\"_5zk7\" spellcheck=\"false\" data-offset-key=\"v8c-4-0\"><span data-offset-key=\"v8c-4-0\">#TeodoroSchmidt<\/span><\/span><\/div>\n<\/div>\n","protected":false},"excerpt":{"rendered":"<p>El segundo lugar en la Serie B de la liga Voleibol Costa 2022 obtuvo nuestra delegaci\u00f3n de Teodoro Schmidt, compitiendo con equipos de toda Costa Araucan\u00eda. Fueron ocho fechas que se disputaron desde agosto, donde nuestro equipo dio lo mejor de s\u00ed obteniendo el notable resultado. Felicidades a los deportistas. \u00a0 #AlcaldeBaldomeroSantos #Muniteodoro #TeodoroSchmidt<\/p>\n","protected":false},"author":5,"featured_media":0,"comment_status":"open","ping_status":"open","sticky":false,"template":"","format":"standard","meta":{"xn-wppe-expiration":[],"xn-wppe-expiration-action":[],"xn-wppe-expiration-prefix":[],"footnotes":""},"categories":[87,84,7],"tags":[],"class_list":["post-13895","post","type-post","status-publish","format-standard","hentry","category-deporte","category-dideco","category-noticias"],"publishpress_future_action":{"enabled":false,"date":"2026-09-09 20:43:46","action":"change-status","newStatus":"draft","terms":[],"taxonomy":"category","extraData":[]},"publishpress_future_workflow_manual_trigger":{"enabledWorkflows":[]},"_links":{"self":[{"href":"https:\/\/muniteodoro.cl\/portal\/wp-json\/wp\/v2\/posts\/13895","targetHints":{"allow":["GET"]}}],"collection":[{"href":"https:\/\/muniteodoro.cl\/portal\/wp-json\/wp\/v2\/posts"}],"about":[{"href":"https:\/\/muniteodoro.cl\/portal\/wp-json\/wp\/v2\/types\/post"}],"author":[{"embeddable":true,"href":"https:\/\/muniteodoro.cl\/portal\/wp-json\/wp\/v2\/users\/5"}],"replies":[{"embeddable":true,"href":"https:\/\/muniteodoro.cl\/portal\/wp-json\/wp\/v2\/comments?post=13895"}],"version-history":[{"count":1,"href":"https:\/\/muniteodoro.cl\/portal\/wp-json\/wp\/v2\/posts\/13895\/revisions"}],"predecessor-version":[{"id":13902,"href":"https:\/\/muniteodoro.cl\/portal\/wp-json\/wp\/v2\/posts\/13895\/revisions\/13902"}],"wp:attachment":[{"href":"https:\/\/muniteodoro.cl\/portal\/wp-json\/wp\/v2\/media?parent=13895"}],"wp:term":[{"taxonomy":"category","embeddable":true,"href":"https:\/\/muniteodoro.cl\/portal\/wp-json\/wp\/v2\/categories?post=13895"},{"taxonomy":"post_tag","embeddable":true,"href":"https:\/\/muniteodoro.cl\/portal\/wp-json\/wp\/v2\/tags?post=13895"}],"curies":[{"name":"wp","href":"https:\/\/api.w.org\/{rel}","templated":true}]}}