{"id":14248,"date":"2023-01-13T11:03:18","date_gmt":"2023-01-13T14:03:18","guid":{"rendered":"https:\/\/muniteodoro.cl\/portal\/?p=14248"},"modified":"2023-01-20T13:31:07","modified_gmt":"2023-01-20T16:31:07","slug":"misa-de-accion-de-gracias-por-el-42-aniversario-de-la-comuna","status":"publish","type":"post","link":"https:\/\/muniteodoro.cl\/portal\/2023\/01\/13\/misa-de-accion-de-gracias-por-el-42-aniversario-de-la-comuna\/","title":{"rendered":"MISA DE ACCI\u00d3N DE GRACIAS POR EL 42\u00b0 ANIVERSARIO DE LA COMUNA    &nbsp; &nbsp; &nbsp;"},"content":{"rendered":"<div class=\"\" data-block=\"true\" data-editor=\"7bop8\" data-offset-key=\"94qne-0-0\">\n<div class=\"_1mf _1mj\" data-offset-key=\"94qne-0-0\"><span data-offset-key=\"94qne-0-0\">En la Parroquia Cristo Rey se celebr\u00f3 la Misa de Acci\u00f3n de Gracias, por el Cuadrag\u00e9simo segundo Aniversario de la comuna de Teodoro Schmidt, la fue presidida por el Cura P\u00e1rroco Ram\u00f3n P\u00e9rez y encabezada por nuestro Alcalde <\/span><span class=\"_247o\" spellcheck=\"false\" data-offset-key=\"94qne-1-0\"><span data-offset-key=\"94qne-1-0\">Baldomero Santos<\/span><\/span><span data-offset-key=\"94qne-2-0\">, Concejales, dirigentes de organizaciones y la comunidad en general. <\/span><\/div>\n<\/div>\n<div class=\"\" data-block=\"true\" data-editor=\"7bop8\" data-offset-key=\"9lli3-0-0\">\n<div class=\"_1mf _1mj\" data-offset-key=\"9lli3-0-0\"><span data-offset-key=\"9lli3-0-0\">\u00a0<\/span><\/div>\n<\/div>\n<div class=\"\" data-block=\"true\" data-editor=\"7bop8\" data-offset-key=\"bg49j-0-0\">\n<div class=\"_1mf _1mj\" data-offset-key=\"bg49j-0-0\"><span data-offset-key=\"bg49j-0-0\">En esta misa se dio gracias a Dios por todo lo bueno, que se ha recibido como comuna en el \u00faltimo tiempo y se pidi\u00f3 para tener un gran futuro.<\/p>\n<div style=\"width: 99%\" class=\"spider_message\"><div class=\"wd_error\"><p><strong>There is no slider selected or the slider was deleted.<\/strong><\/p><\/div><\/div>\n<p><\/span><\/div>\n<\/div>\n<div class=\"\" data-block=\"true\" data-editor=\"7bop8\" data-offset-key=\"b8e6v-0-0\">\n<div class=\"_1mf _1mj\" data-offset-key=\"b8e6v-0-0\"><span data-offset-key=\"b8e6v-0-0\">\u00a0<\/span><\/div>\n<\/div>\n<div class=\"\" data-block=\"true\" data-editor=\"7bop8\" data-offset-key=\"bvec2-0-0\">\n<div class=\"_1mf _1mj\" data-offset-key=\"bvec2-0-0\"><span class=\"_5zk7\" spellcheck=\"false\" data-offset-key=\"bvec2-0-0\"><span data-offset-key=\"bvec2-0-0\">#AlcaldeBaldomeroSantos<\/span><\/span> <span class=\"_5zk7\" spellcheck=\"false\" data-offset-key=\"bvec2-2-0\"><span data-offset-key=\"bvec2-2-0\">#Muniteodoro<\/span><\/span> <span class=\"_5zk7\" spellcheck=\"false\" data-offset-key=\"bvec2-4-0\"><span data-offset-key=\"bvec2-4-0\">#TeodoroSchmidt<\/span><\/span><\/div>\n<\/div>\n","protected":false},"excerpt":{"rendered":"<p>En la Parroquia Cristo Rey se celebr\u00f3 la Misa de Acci\u00f3n de Gracias, por el Cuadrag\u00e9simo segundo Aniversario de la comuna de Teodoro Schmidt, la fue presidida por el Cura P\u00e1rroco Ram\u00f3n P\u00e9rez y encabezada por nuestro Alcalde Baldomero Santos, Concejales, dirigentes de organizaciones y la comunidad en general. \u00a0 En esta misa se dio [&hellip;]<\/p>\n","protected":false},"author":5,"featured_media":0,"comment_status":"closed","ping_status":"open","sticky":false,"template":"","format":"standard","meta":{"xn-wppe-expiration":[],"xn-wppe-expiration-action":[],"xn-wppe-expiration-prefix":[],"footnotes":""},"categories":[103,7],"tags":[],"class_list":["post-14248","post","type-post","status-publish","format-standard","hentry","category-aniversario-42-2023","category-noticias"],"publishpress_future_action":{"enabled":false,"date":"2026-09-11 01:19:18","action":"change-status","newStatus":"draft","terms":[],"taxonomy":"category","extraData":[]},"publishpress_future_workflow_manual_trigger":{"enabledWorkflows":[]},"_links":{"self":[{"href":"https:\/\/muniteodoro.cl\/portal\/wp-json\/wp\/v2\/posts\/14248","targetHints":{"allow":["GET"]}}],"collection":[{"href":"https:\/\/muniteodoro.cl\/portal\/wp-json\/wp\/v2\/posts"}],"about":[{"href":"https:\/\/muniteodoro.cl\/portal\/wp-json\/wp\/v2\/types\/post"}],"author":[{"embeddable":true,"href":"https:\/\/muniteodoro.cl\/portal\/wp-json\/wp\/v2\/users\/5"}],"replies":[{"embeddable":true,"href":"https:\/\/muniteodoro.cl\/portal\/wp-json\/wp\/v2\/comments?post=14248"}],"version-history":[{"count":2,"href":"https:\/\/muniteodoro.cl\/portal\/wp-json\/wp\/v2\/posts\/14248\/revisions"}],"predecessor-version":[{"id":14257,"href":"https:\/\/muniteodoro.cl\/portal\/wp-json\/wp\/v2\/posts\/14248\/revisions\/14257"}],"wp:attachment":[{"href":"https:\/\/muniteodoro.cl\/portal\/wp-json\/wp\/v2\/media?parent=14248"}],"wp:term":[{"taxonomy":"category","embeddable":true,"href":"https:\/\/muniteodoro.cl\/portal\/wp-json\/wp\/v2\/categories?post=14248"},{"taxonomy":"post_tag","embeddable":true,"href":"https:\/\/muniteodoro.cl\/portal\/wp-json\/wp\/v2\/tags?post=14248"}],"curies":[{"name":"wp","href":"https:\/\/api.w.org\/{rel}","templated":true}]}}