{"id":14795,"date":"2023-01-20T12:07:35","date_gmt":"2023-01-20T15:07:35","guid":{"rendered":"https:\/\/muniteodoro.cl\/portal\/?p=14795"},"modified":"2023-01-20T13:31:06","modified_gmt":"2023-01-20T16:31:06","slug":"carnaval-familiar-en-barros-arana","status":"publish","type":"post","link":"https:\/\/muniteodoro.cl\/portal\/2023\/01\/20\/carnaval-familiar-en-barros-arana\/","title":{"rendered":"CARNAVAL FAMILIAR EN BARROS ARANA    &nbsp; &nbsp; &nbsp;"},"content":{"rendered":"<div class=\"\" data-block=\"true\" data-editor=\"199h6\" data-offset-key=\"4qpu9-0-0\">\n<div class=\"_1mf _1mj\" data-offset-key=\"4qpu9-0-0\"><span data-offset-key=\"4qpu9-0-0\">Con bailes, cantos y carros aleg\u00f3ricos, se desarroll\u00f3 el \u00abEl Carnaval Familiar\u00bb en Barros Arana, donde ma\u00f1ana s\u00e1bado 21 se vivir\u00e1 La Expo Berries, con la actuaci\u00f3n estelar del Grupo Hechizo. <\/span><\/div>\n<\/div>\n<div class=\"\" data-block=\"true\" data-editor=\"199h6\" data-offset-key=\"b05ve-0-0\">\n<div class=\"_1mf _1mj\" data-offset-key=\"b05ve-0-0\"><span data-offset-key=\"b05ve-0-0\">\u00a0<\/span><\/div>\n<\/div>\n<div class=\"\" data-block=\"true\" data-editor=\"199h6\" data-offset-key=\"bpks1-0-0\">\n<div class=\"_1mf _1mj\" data-offset-key=\"bpks1-0-0\"><span data-offset-key=\"bpks1-0-0\">Hoy viernes 20 desde las 19:00hrs, est\u00e1 contemplado el \u00abCarnaval Familiar\u00bb en Hualpin. Todo esto se enmarca en el Cuadrag\u00e9simo segundo aniversario de la Comuna de Teodoro Schmidt.<\/p>\n<p><div style=\"width: 99%\" class=\"spider_message\"><div class=\"wd_error\"><p><strong>There is no slider selected or the slider was deleted.<\/strong><\/p><\/div><\/div><\/span><\/div>\n<\/div>\n<div class=\"\" data-block=\"true\" data-editor=\"199h6\" data-offset-key=\"14pec-0-0\">\n<div class=\"_1mf _1mj\" data-offset-key=\"14pec-0-0\"><span data-offset-key=\"14pec-0-0\">\u00a0<\/span><\/div>\n<\/div>\n<div class=\"\" data-block=\"true\" data-editor=\"199h6\" data-offset-key=\"e3vra-0-0\">\n<div class=\"_1mf _1mj\" data-offset-key=\"e3vra-0-0\"><span data-offset-key=\"e3vra-0-0\">Descarga el programa completo aqu\u00ed \ud83d\udc47<\/span><\/div>\n<\/div>\n<div class=\"\" data-block=\"true\" data-editor=\"199h6\" data-offset-key=\"8tuuv-0-0\">\n<div class=\"_1mf _1mj\" data-offset-key=\"8tuuv-0-0\"><span data-offset-key=\"8tuuv-0-0\">https:\/\/cutt.ly\/K2kVdWX<\/span><\/div>\n<\/div>\n<div class=\"\" data-block=\"true\" data-editor=\"199h6\" data-offset-key=\"for7f-0-0\">\n<div class=\"_1mf _1mj\" data-offset-key=\"for7f-0-0\"><span data-offset-key=\"for7f-0-0\">\u00a0<\/span><\/div>\n<\/div>\n<div class=\"\" data-block=\"true\" data-editor=\"199h6\" data-offset-key=\"1t7uu-0-0\">\n<div class=\"_1mf _1mj\" data-offset-key=\"1t7uu-0-0\"><span class=\"_5zk7\" spellcheck=\"false\" data-offset-key=\"1t7uu-0-0\"><span data-offset-key=\"1t7uu-0-0\">#AlcaldeBaldomeroSantos<\/span><\/span> <span class=\"_5zk7\" spellcheck=\"false\" data-offset-key=\"1t7uu-2-0\"><span data-offset-key=\"1t7uu-2-0\">#Muniteodoro<\/span><\/span> <span class=\"_5zk7\" spellcheck=\"false\" data-offset-key=\"1t7uu-4-0\"><span data-offset-key=\"1t7uu-4-0\">#TeodoroSchmidt<\/span><\/span><\/div>\n<\/div>\n","protected":false},"excerpt":{"rendered":"<p>Con bailes, cantos y carros aleg\u00f3ricos, se desarroll\u00f3 el \u00abEl Carnaval Familiar\u00bb en Barros Arana, donde ma\u00f1ana s\u00e1bado 21 se vivir\u00e1 La Expo Berries, con la actuaci\u00f3n estelar del Grupo Hechizo. \u00a0 Hoy viernes 20 desde las 19:00hrs, est\u00e1 contemplado el \u00abCarnaval Familiar\u00bb en Hualpin. Todo esto se enmarca en el Cuadrag\u00e9simo segundo aniversario de [&hellip;]<\/p>\n","protected":false},"author":5,"featured_media":0,"comment_status":"closed","ping_status":"open","sticky":false,"template":"","format":"standard","meta":{"xn-wppe-expiration":[],"xn-wppe-expiration-action":[],"xn-wppe-expiration-prefix":[],"footnotes":""},"categories":[103,7],"tags":[],"class_list":["post-14795","post","type-post","status-publish","format-standard","hentry","category-aniversario-42-2023","category-noticias"],"publishpress_future_action":{"enabled":false,"date":"2026-09-11 01:11:37","action":"change-status","newStatus":"draft","terms":[],"taxonomy":"category","extraData":[]},"publishpress_future_workflow_manual_trigger":{"enabledWorkflows":[]},"_links":{"self":[{"href":"https:\/\/muniteodoro.cl\/portal\/wp-json\/wp\/v2\/posts\/14795","targetHints":{"allow":["GET"]}}],"collection":[{"href":"https:\/\/muniteodoro.cl\/portal\/wp-json\/wp\/v2\/posts"}],"about":[{"href":"https:\/\/muniteodoro.cl\/portal\/wp-json\/wp\/v2\/types\/post"}],"author":[{"embeddable":true,"href":"https:\/\/muniteodoro.cl\/portal\/wp-json\/wp\/v2\/users\/5"}],"replies":[{"embeddable":true,"href":"https:\/\/muniteodoro.cl\/portal\/wp-json\/wp\/v2\/comments?post=14795"}],"version-history":[{"count":3,"href":"https:\/\/muniteodoro.cl\/portal\/wp-json\/wp\/v2\/posts\/14795\/revisions"}],"predecessor-version":[{"id":14892,"href":"https:\/\/muniteodoro.cl\/portal\/wp-json\/wp\/v2\/posts\/14795\/revisions\/14892"}],"wp:attachment":[{"href":"https:\/\/muniteodoro.cl\/portal\/wp-json\/wp\/v2\/media?parent=14795"}],"wp:term":[{"taxonomy":"category","embeddable":true,"href":"https:\/\/muniteodoro.cl\/portal\/wp-json\/wp\/v2\/categories?post=14795"},{"taxonomy":"post_tag","embeddable":true,"href":"https:\/\/muniteodoro.cl\/portal\/wp-json\/wp\/v2\/tags?post=14795"}],"curies":[{"name":"wp","href":"https:\/\/api.w.org\/{rel}","templated":true}]}}