{"id":15100,"date":"2023-01-24T13:20:29","date_gmt":"2023-01-24T16:20:29","guid":{"rendered":"https:\/\/muniteodoro.cl\/portal\/?p=15100"},"modified":"2023-01-24T13:21:57","modified_gmt":"2023-01-24T16:21:57","slug":"karting-callejero","status":"publish","type":"post","link":"https:\/\/muniteodoro.cl\/portal\/2023\/01\/24\/karting-callejero\/","title":{"rendered":"KARTING CALLEJERO    &nbsp; &nbsp; &nbsp;"},"content":{"rendered":"<div class=\"\" data-block=\"true\" data-editor=\"87v58\" data-offset-key=\"edelt-0-0\">\n<div class=\"_1mf _1mj\" data-offset-key=\"edelt-0-0\">\n<div class=\"\" data-block=\"true\" data-editor=\"87v58\" data-offset-key=\"edelt-0-0\">\n<div class=\"_1mf _1mj\" data-offset-key=\"edelt-0-0\"><span data-offset-key=\"edelt-0-0\">La comunidad de Teodoro Schmidt Vivi\u00f3 por primera vez una jornada de Karting Callejero \ud83c\udfc1\ud83c\udfce. Actividad inserta en el Cuadrag\u00e9simo segundo aniversario de nuestra comuna. La adrenalina, la emoci\u00f3n y el rugir de los motores fueron protagonistas de una jornada inolvidable.<\/span><\/div>\n<\/div>\n<div class=\"\" data-block=\"true\" data-editor=\"87v58\" data-offset-key=\"a0sbe-0-0\">\n<div class=\"_1mf _1mj\" data-offset-key=\"a0sbe-0-0\"><span data-offset-key=\"a0sbe-0-0\">\u00a0<\/span><\/div>\n<\/div>\n<div class=\"\" data-block=\"true\" data-editor=\"87v58\" data-offset-key=\"44t2a-0-0\">\n<div class=\"_1mf _1mj\" data-offset-key=\"44t2a-0-0\"><span data-offset-key=\"44t2a-0-0\">Nuestro Alcalde agradeci\u00f3 a Temuco Karting por acoger la invitaci\u00f3n y espera que se repita en otra localidad de la comuna y as\u00ed realizar eventos que no siempre se pueden tener en la zona Costera.<\/p>\n<p><div style=\"width: 99%\" class=\"spider_message\"><div class=\"wd_error\"><p><strong>There is no slider selected or the slider was deleted.<\/strong><\/p><\/div><\/div><\/span><\/div>\n<\/div>\n<div class=\"\" data-block=\"true\" data-editor=\"87v58\" data-offset-key=\"9j63s-0-0\">\n<div class=\"_1mf _1mj\" data-offset-key=\"9j63s-0-0\"><span data-offset-key=\"9j63s-0-0\">\u00a0<\/span><\/div>\n<\/div>\n<div class=\"\" data-block=\"true\" data-editor=\"87v58\" data-offset-key=\"4bc41-0-0\">\n<div class=\"_1mf _1mj\" data-offset-key=\"4bc41-0-0\"><span data-offset-key=\"4bc41-0-0\">Descarga el programa completo aqu\u00ed \ud83d\udc47<\/span><\/div>\n<\/div>\n<div class=\"\" data-block=\"true\" data-editor=\"87v58\" data-offset-key=\"agose-0-0\">\n<div class=\"_1mf _1mj\" data-offset-key=\"agose-0-0\"><span data-offset-key=\"agose-0-0\">https:\/\/cutt.ly\/K2kVdWX<\/span><\/div>\n<\/div>\n<div class=\"\" data-block=\"true\" data-editor=\"87v58\" data-offset-key=\"dj6sa-0-0\">\n<div class=\"_1mf _1mj\" data-offset-key=\"dj6sa-0-0\"><span data-offset-key=\"dj6sa-0-0\">\u00a0<\/span><\/div>\n<\/div>\n<div class=\"\" data-block=\"true\" data-editor=\"87v58\" data-offset-key=\"en7jh-0-0\">\n<div class=\"_1mf _1mj\" data-offset-key=\"en7jh-0-0\"><span class=\"_5zk7\" spellcheck=\"false\" data-offset-key=\"en7jh-0-0\"><span data-offset-key=\"en7jh-0-0\">#AlcaldeBaldomeroSantos<\/span><\/span> <span class=\"_5zk7\" spellcheck=\"false\" data-offset-key=\"en7jh-2-0\"><span data-offset-key=\"en7jh-2-0\">#Muniteodoro<\/span><\/span> <span class=\"_5zk7\" spellcheck=\"false\" data-offset-key=\"en7jh-4-0\"><span data-offset-key=\"en7jh-4-0\">#TeodoroSchmidt<\/span><\/span><\/div>\n<\/div>\n<\/div>\n<\/div>\n","protected":false},"excerpt":{"rendered":"<p>La comunidad de Teodoro Schmidt Vivi\u00f3 por primera vez una jornada de Karting Callejero \ud83c\udfc1\ud83c\udfce. Actividad inserta en el Cuadrag\u00e9simo segundo aniversario de nuestra comuna. La adrenalina, la emoci\u00f3n y el rugir de los motores fueron protagonistas de una jornada inolvidable. \u00a0 Nuestro Alcalde agradeci\u00f3 a Temuco Karting por acoger la invitaci\u00f3n y espera que [&hellip;]<\/p>\n","protected":false},"author":5,"featured_media":0,"comment_status":"closed","ping_status":"open","sticky":false,"template":"","format":"standard","meta":{"xn-wppe-expiration":[],"xn-wppe-expiration-action":[],"xn-wppe-expiration-prefix":[],"footnotes":""},"categories":[103,7],"tags":[],"class_list":["post-15100","post","type-post","status-publish","format-standard","hentry","category-aniversario-42-2023","category-noticias"],"publishpress_future_action":{"enabled":false,"date":"2026-09-11 01:09:50","action":"change-status","newStatus":"draft","terms":[],"taxonomy":"category","extraData":[]},"publishpress_future_workflow_manual_trigger":{"enabledWorkflows":[]},"_links":{"self":[{"href":"https:\/\/muniteodoro.cl\/portal\/wp-json\/wp\/v2\/posts\/15100","targetHints":{"allow":["GET"]}}],"collection":[{"href":"https:\/\/muniteodoro.cl\/portal\/wp-json\/wp\/v2\/posts"}],"about":[{"href":"https:\/\/muniteodoro.cl\/portal\/wp-json\/wp\/v2\/types\/post"}],"author":[{"embeddable":true,"href":"https:\/\/muniteodoro.cl\/portal\/wp-json\/wp\/v2\/users\/5"}],"replies":[{"embeddable":true,"href":"https:\/\/muniteodoro.cl\/portal\/wp-json\/wp\/v2\/comments?post=15100"}],"version-history":[{"count":3,"href":"https:\/\/muniteodoro.cl\/portal\/wp-json\/wp\/v2\/posts\/15100\/revisions"}],"predecessor-version":[{"id":15132,"href":"https:\/\/muniteodoro.cl\/portal\/wp-json\/wp\/v2\/posts\/15100\/revisions\/15132"}],"wp:attachment":[{"href":"https:\/\/muniteodoro.cl\/portal\/wp-json\/wp\/v2\/media?parent=15100"}],"wp:term":[{"taxonomy":"category","embeddable":true,"href":"https:\/\/muniteodoro.cl\/portal\/wp-json\/wp\/v2\/categories?post=15100"},{"taxonomy":"post_tag","embeddable":true,"href":"https:\/\/muniteodoro.cl\/portal\/wp-json\/wp\/v2\/tags?post=15100"}],"curies":[{"name":"wp","href":"https:\/\/api.w.org\/{rel}","templated":true}]}}