{"id":19868,"date":"2026-02-02T23:23:48","date_gmt":"2026-02-03T02:23:48","guid":{"rendered":"https:\/\/muniteodoro.cl\/portal\/?p=19868"},"modified":"2026-02-02T23:28:04","modified_gmt":"2026-02-03T02:28:04","slug":"%f0%9f%92%bc%e2%9c%a8-programa-mujer-emprende-sernameg","status":"publish","type":"post","link":"https:\/\/muniteodoro.cl\/portal\/2026\/02\/02\/%f0%9f%92%bc%e2%9c%a8-programa-mujer-emprende-sernameg\/","title":{"rendered":"\ud83d\udcbc\u2728 PROGRAMA: MUJER EMPRENDE SERNAMEG"},"content":{"rendered":"<p data-start=\"0\" data-end=\"41\">\ud83d\udcbc\u2728 <strong data-start=\"4\" data-end=\"41\">PROGRAMA: MUJER EMPRENDE SERNAMEG<\/strong><\/p>\n<p data-start=\"43\" data-end=\"176\">Programa de apoyo a mujeres emprendedoras que fortalece la gesti\u00f3n y el posicionamiento de sus negocios \ud83d\udcaa\ud83d\udcc8, a trav\u00e9s de dos l\u00edneas:<\/p>\n<p data-start=\"178\" data-end=\"438\">\ud83c\udf93 <strong data-start=\"181\" data-end=\"208\">Academia Mujer Emprende<\/strong>: capacitaci\u00f3n asincr\u00f3nica orientada a la profesionalizaci\u00f3n de emprendimientos.<br data-start=\"288\" data-end=\"291\" \/>\ud83e\udd1d <strong data-start=\"294\" data-end=\"337\">Redes para Fortalecer el Emprendimiento<\/strong>: promueve la generaci\u00f3n de redes, la asociatividad y el acceso a herramientas t\u00e9cnicas y normativas.<\/p>\n<p data-start=\"440\" data-end=\"735\">\ud83d\udccc <strong data-start=\"443\" data-end=\"471\">Requisitos para postular<\/strong><br \/>\n\u2022 \ud83d\udc69 Mujeres mayores de 18 a\u00f1os.<br data-start=\"504\" data-end=\"507\" \/>\u2022 \ud83d\udd52 Emprendimientos con al menos un a\u00f1o de antig\u00fcedad.<br data-start=\"562\" data-end=\"565\" \/>\u2022 \ud83d\udcca Pertenecer al 80% del Registro Social de Hogares (RSH).<br data-start=\"625\" data-end=\"628\" \/>\u2022 \u23f1\ufe0f Dedicaci\u00f3n m\u00ednima de 20 horas semanales al emprendimiento.<br data-start=\"691\" data-end=\"694\" \/>\u2022 \ud83c\udf93 Contar con educaci\u00f3n media completa.<\/p>\n<p data-start=\"737\" data-end=\"897\">\u2139\ufe0f <strong data-start=\"740\" data-end=\"775\">M\u00e1s informaci\u00f3n y postulaciones<\/strong><br data-start=\"775\" data-end=\"778\" \/>\ud83d\udc49 <a class=\"decorated-link\" href=\"http:\/\/www.sernameg.cl\" target=\"_new\" rel=\"noopener\" data-start=\"781\" data-end=\"796\">www.sernameg.cl<\/a><br data-start=\"796\" data-end=\"799\" \/>\ud83d\udcde Unidad de Proyectos Comunitarios: 45 237 83 38<br data-start=\"848\" data-end=\"851\" \/>\ud83d\uddd3\ufe0f Postula hasta el <strong data-start=\"872\" data-end=\"897\">15 de febrero de 2026<\/strong><\/p>\n<p data-start=\"899\" data-end=\"996\" data-is-last-node=\"\" data-is-only-node=\"\">#MuniTeodoro #TeodoroSchmidt #MujerEmprende #Sernameg #EmprendimientoFemenino #Autonom\u00edaEcon\u00f3mica<\/p>\n","protected":false},"excerpt":{"rendered":"<p>\ud83d\udcbc\u2728 PROGRAMA: MUJER EMPRENDE SERNAMEG Programa de apoyo a mujeres emprendedoras que fortalece la gesti\u00f3n y el posicionamiento de sus negocios \ud83d\udcaa\ud83d\udcc8, a trav\u00e9s de dos l\u00edneas: \ud83c\udf93 Academia Mujer Emprende: capacitaci\u00f3n asincr\u00f3nica orientada a la profesionalizaci\u00f3n de emprendimientos.\ud83e\udd1d Redes para Fortalecer el Emprendimiento: promueve la generaci\u00f3n de redes, la asociatividad y el acceso a [&hellip;]<\/p>\n","protected":false},"author":5,"featured_media":19869,"comment_status":"closed","ping_status":"open","sticky":false,"template":"","format":"standard","meta":{"xn-wppe-expiration":[],"xn-wppe-expiration-action":[],"xn-wppe-expiration-prefix":[],"footnotes":""},"categories":[7],"tags":[],"class_list":["post-19868","post","type-post","status-publish","format-standard","has-post-thumbnail","hentry","category-noticias"],"publishpress_future_action":{"enabled":false,"date":"2026-05-05 12:00:40","action":"change-status","newStatus":"draft","terms":[],"taxonomy":"category","extraData":[]},"publishpress_future_workflow_manual_trigger":{"enabledWorkflows":[]},"_links":{"self":[{"href":"https:\/\/muniteodoro.cl\/portal\/wp-json\/wp\/v2\/posts\/19868","targetHints":{"allow":["GET"]}}],"collection":[{"href":"https:\/\/muniteodoro.cl\/portal\/wp-json\/wp\/v2\/posts"}],"about":[{"href":"https:\/\/muniteodoro.cl\/portal\/wp-json\/wp\/v2\/types\/post"}],"author":[{"embeddable":true,"href":"https:\/\/muniteodoro.cl\/portal\/wp-json\/wp\/v2\/users\/5"}],"replies":[{"embeddable":true,"href":"https:\/\/muniteodoro.cl\/portal\/wp-json\/wp\/v2\/comments?post=19868"}],"version-history":[{"count":1,"href":"https:\/\/muniteodoro.cl\/portal\/wp-json\/wp\/v2\/posts\/19868\/revisions"}],"predecessor-version":[{"id":19870,"href":"https:\/\/muniteodoro.cl\/portal\/wp-json\/wp\/v2\/posts\/19868\/revisions\/19870"}],"wp:featuredmedia":[{"embeddable":true,"href":"https:\/\/muniteodoro.cl\/portal\/wp-json\/wp\/v2\/media\/19869"}],"wp:attachment":[{"href":"https:\/\/muniteodoro.cl\/portal\/wp-json\/wp\/v2\/media?parent=19868"}],"wp:term":[{"taxonomy":"category","embeddable":true,"href":"https:\/\/muniteodoro.cl\/portal\/wp-json\/wp\/v2\/categories?post=19868"},{"taxonomy":"post_tag","embeddable":true,"href":"https:\/\/muniteodoro.cl\/portal\/wp-json\/wp\/v2\/tags?post=19868"}],"curies":[{"name":"wp","href":"https:\/\/api.w.org\/{rel}","templated":true}]}}