{"id":20061,"date":"2026-04-01T10:46:54","date_gmt":"2026-04-01T13:46:54","guid":{"rendered":"https:\/\/muniteodoro.cl\/portal\/?p=20061"},"modified":"2026-04-01T10:51:50","modified_gmt":"2026-04-01T13:51:50","slug":"%f0%9f%90%b0%f0%9f%8d%ab%f0%9f%8e%89-2da-version-ruta-del-conejo-de-pascua-2","status":"publish","type":"post","link":"https:\/\/muniteodoro.cl\/portal\/2026\/04\/01\/%f0%9f%90%b0%f0%9f%8d%ab%f0%9f%8e%89-2da-version-ruta-del-conejo-de-pascua-2\/","title":{"rendered":"\ud83d\udc30\ud83c\udf6b\ud83c\udf89 2DA VERSI\u00d3N RUTA DEL CONEJO DE PASCUA"},"content":{"rendered":"<p data-start=\"0\" data-end=\"48\">\ud83d\udc30\ud83c\udf6b\ud83c\udf89 <strong data-start=\"7\" data-end=\"48\">2DA VERSI\u00d3N RUTA DEL CONEJO DE PASCUA<\/strong><\/p>\n<p data-start=\"50\" data-end=\"210\">La Ruta del Conejo de Pascua regresa en su <strong data-start=\"93\" data-end=\"112\">segunda versi\u00f3n<\/strong>, invitando a ni\u00f1os y ni\u00f1as a vivir una jornada llena de alegr\u00eda, sorpresas y entretenci\u00f3n \ud83e\uddd2\ud83d\udc67\u2728<\/p>\n<p data-start=\"212\" data-end=\"392\">Durante esta jornada podr\u00e1s disfrutar de <strong data-start=\"253\" data-end=\"335\">pinta caritas \ud83c\udfa8, entrega de chocolates \ud83c\udf6b, concursos \ud83c\udfc6 y juegos inflables \ud83c\udf88<\/strong>, en un ambiente pensado para compartir en comunidad \ud83e\udd1d<\/p>\n<p data-start=\"394\" data-end=\"465\">\ud83d\udccd <strong data-start=\"397\" data-end=\"408\">HUALPIN<\/strong><br data-start=\"408\" data-end=\"411\" \/>Plaza Central, Hualpin<br data-start=\"433\" data-end=\"436\" \/>\ud83d\udcc5 05 abril 2026 &#8211; 11:00Hrs<\/p>\n<p data-start=\"467\" data-end=\"575\">\ud83d\udccd <strong data-start=\"470\" data-end=\"489\">TEODORO SCHMIDT<\/strong><br data-start=\"489\" data-end=\"492\" \/>Plaza Villa Padre Alejandro Ortega, Teodoro Schmidt<br data-start=\"543\" data-end=\"546\" \/>\ud83d\udcc5 05 abril 2026 &#8211; 15:00Hrs<\/p>\n<p data-start=\"577\" data-end=\"658\">\ud83d\udccd <strong data-start=\"580\" data-end=\"596\">BARROS ARANA<\/strong><br data-start=\"596\" data-end=\"599\" \/>Plaza Central, Barros Arana<br data-start=\"626\" data-end=\"629\" \/>\ud83d\udcc5 05 abril 2026 &#8211; 15:00Hrs<\/p>\n<p data-start=\"660\" data-end=\"736\">\u2728 \u00a1No te pierdas esta m\u00e1gica experiencia junto al Conejito de Pascua! \ud83d\udc30\ud83d\udcab<\/p>\n<p data-start=\"738\" data-end=\"830\" data-is-last-node=\"\" data-is-only-node=\"\">#MuniTeodoro #TeodoroSchmidt #Hualpin #BarrosArana #RutaDelConejo #Pascua #ActividadFamiliar<\/p>\n","protected":false},"excerpt":{"rendered":"<p>\ud83d\udc30\ud83c\udf6b\ud83c\udf89 2DA VERSI\u00d3N RUTA DEL CONEJO DE PASCUA La Ruta del Conejo de Pascua regresa en su segunda versi\u00f3n, invitando a ni\u00f1os y ni\u00f1as a vivir una jornada llena de alegr\u00eda, sorpresas y entretenci\u00f3n \ud83e\uddd2\ud83d\udc67\u2728 Durante esta jornada podr\u00e1s disfrutar de pinta caritas \ud83c\udfa8, entrega de chocolates \ud83c\udf6b, concursos \ud83c\udfc6 y juegos inflables \ud83c\udf88, en [&hellip;]<\/p>\n","protected":false},"author":5,"featured_media":20063,"comment_status":"closed","ping_status":"open","sticky":false,"template":"","format":"standard","meta":{"xn-wppe-expiration":[],"xn-wppe-expiration-action":[],"xn-wppe-expiration-prefix":[],"footnotes":""},"categories":[7],"tags":[],"class_list":["post-20061","post","type-post","status-publish","format-standard","has-post-thumbnail","hentry","category-noticias"],"publishpress_future_action":{"enabled":false,"date":"2026-05-08 07:09:07","action":"change-status","newStatus":"draft","terms":[],"taxonomy":"category","extraData":[]},"publishpress_future_workflow_manual_trigger":{"enabledWorkflows":[]},"_links":{"self":[{"href":"https:\/\/muniteodoro.cl\/portal\/wp-json\/wp\/v2\/posts\/20061","targetHints":{"allow":["GET"]}}],"collection":[{"href":"https:\/\/muniteodoro.cl\/portal\/wp-json\/wp\/v2\/posts"}],"about":[{"href":"https:\/\/muniteodoro.cl\/portal\/wp-json\/wp\/v2\/types\/post"}],"author":[{"embeddable":true,"href":"https:\/\/muniteodoro.cl\/portal\/wp-json\/wp\/v2\/users\/5"}],"replies":[{"embeddable":true,"href":"https:\/\/muniteodoro.cl\/portal\/wp-json\/wp\/v2\/comments?post=20061"}],"version-history":[{"count":1,"href":"https:\/\/muniteodoro.cl\/portal\/wp-json\/wp\/v2\/posts\/20061\/revisions"}],"predecessor-version":[{"id":20062,"href":"https:\/\/muniteodoro.cl\/portal\/wp-json\/wp\/v2\/posts\/20061\/revisions\/20062"}],"wp:featuredmedia":[{"embeddable":true,"href":"https:\/\/muniteodoro.cl\/portal\/wp-json\/wp\/v2\/media\/20063"}],"wp:attachment":[{"href":"https:\/\/muniteodoro.cl\/portal\/wp-json\/wp\/v2\/media?parent=20061"}],"wp:term":[{"taxonomy":"category","embeddable":true,"href":"https:\/\/muniteodoro.cl\/portal\/wp-json\/wp\/v2\/categories?post=20061"},{"taxonomy":"post_tag","embeddable":true,"href":"https:\/\/muniteodoro.cl\/portal\/wp-json\/wp\/v2\/tags?post=20061"}],"curies":[{"name":"wp","href":"https:\/\/api.w.org\/{rel}","templated":true}]}}