{"id":20064,"date":"2026-04-01T13:11:19","date_gmt":"2026-04-01T16:11:19","guid":{"rendered":"https:\/\/muniteodoro.cl\/portal\/?p=20064"},"modified":"2026-04-01T13:14:31","modified_gmt":"2026-04-01T16:14:31","slug":"%f0%9f%9a%9b%e2%99%bb%ef%b8%8f-recorrido-camion-recolector-por-feriado-03-de-abril","status":"publish","type":"post","link":"https:\/\/muniteodoro.cl\/portal\/2026\/04\/01\/%f0%9f%9a%9b%e2%99%bb%ef%b8%8f-recorrido-camion-recolector-por-feriado-03-de-abril\/","title":{"rendered":"\ud83d\ude9b\u267b\ufe0f RECORRIDO CAMI\u00d3N RECOLECTOR POR FERIADO 03 DE ABRIL"},"content":{"rendered":"<p data-start=\"0\" data-end=\"60\">\ud83d\ude9b\u267b\ufe0f <strong data-start=\"5\" data-end=\"60\">RECORRIDO CAMI\u00d3N RECOLECTOR POR FERIADO 03 DE ABRIL<\/strong><\/p>\n<p data-start=\"62\" data-end=\"239\">Por ser <strong data-start=\"70\" data-end=\"96\">feriado el 03 de abril<\/strong>, se realizar\u00e1n <strong data-start=\"112\" data-end=\"148\">modificaciones en los recorridos<\/strong> de los camiones recolectores de basura en la comuna, quedando seg\u00fan programaci\u00f3n especial.<\/p>\n<p data-start=\"241\" data-end=\"305\">\ud83d\udccc Revisa el detalle de los recorridos en la imagen informativa.<\/p>\n<p data-start=\"307\" data-end=\"483\">\u26a0\ufe0f <strong data-start=\"310\" data-end=\"325\">Importante:<\/strong><br data-start=\"325\" data-end=\"328\" \/>Solicitamos a los vecinos y vecinas <strong data-start=\"364\" data-end=\"386\">no sacar la basura<\/strong> \ud83d\udeab\ud83d\uddd1\ufe0f y mantenerla en su domicilio hasta que el cami\u00f3n recolector pase retir\u00e1ndola en su sector.<\/p>\n<p data-start=\"485\" data-end=\"529\">Agradecemos su comprensi\u00f3n y colaboraci\u00f3n \ud83e\udd1d<\/p>\n<p data-start=\"531\" data-end=\"608\" data-is-last-node=\"\" data-is-only-node=\"\">#MuniTeodoro #TeodoroSchmidt #Aseo #Recolecci\u00f3nDeBasura<\/p>\n","protected":false},"excerpt":{"rendered":"<p>\ud83d\ude9b\u267b\ufe0f RECORRIDO CAMI\u00d3N RECOLECTOR POR FERIADO 03 DE ABRIL Por ser feriado el 03 de abril, se realizar\u00e1n modificaciones en los recorridos de los camiones recolectores de basura en la comuna, quedando seg\u00fan programaci\u00f3n especial. \ud83d\udccc Revisa el detalle de los recorridos en la imagen informativa. \u26a0\ufe0f Importante:Solicitamos a los vecinos y vecinas no sacar [&hellip;]<\/p>\n","protected":false},"author":5,"featured_media":20066,"comment_status":"closed","ping_status":"open","sticky":false,"template":"","format":"standard","meta":{"xn-wppe-expiration":[],"xn-wppe-expiration-action":[],"xn-wppe-expiration-prefix":[],"footnotes":""},"categories":[7],"tags":[],"class_list":["post-20064","post","type-post","status-publish","format-standard","has-post-thumbnail","hentry","category-noticias"],"publishpress_future_action":{"enabled":false,"date":"2026-05-09 04:50:32","action":"change-status","newStatus":"draft","terms":[],"taxonomy":"category","extraData":[]},"publishpress_future_workflow_manual_trigger":{"enabledWorkflows":[]},"_links":{"self":[{"href":"https:\/\/muniteodoro.cl\/portal\/wp-json\/wp\/v2\/posts\/20064","targetHints":{"allow":["GET"]}}],"collection":[{"href":"https:\/\/muniteodoro.cl\/portal\/wp-json\/wp\/v2\/posts"}],"about":[{"href":"https:\/\/muniteodoro.cl\/portal\/wp-json\/wp\/v2\/types\/post"}],"author":[{"embeddable":true,"href":"https:\/\/muniteodoro.cl\/portal\/wp-json\/wp\/v2\/users\/5"}],"replies":[{"embeddable":true,"href":"https:\/\/muniteodoro.cl\/portal\/wp-json\/wp\/v2\/comments?post=20064"}],"version-history":[{"count":1,"href":"https:\/\/muniteodoro.cl\/portal\/wp-json\/wp\/v2\/posts\/20064\/revisions"}],"predecessor-version":[{"id":20065,"href":"https:\/\/muniteodoro.cl\/portal\/wp-json\/wp\/v2\/posts\/20064\/revisions\/20065"}],"wp:featuredmedia":[{"embeddable":true,"href":"https:\/\/muniteodoro.cl\/portal\/wp-json\/wp\/v2\/media\/20066"}],"wp:attachment":[{"href":"https:\/\/muniteodoro.cl\/portal\/wp-json\/wp\/v2\/media?parent=20064"}],"wp:term":[{"taxonomy":"category","embeddable":true,"href":"https:\/\/muniteodoro.cl\/portal\/wp-json\/wp\/v2\/categories?post=20064"},{"taxonomy":"post_tag","embeddable":true,"href":"https:\/\/muniteodoro.cl\/portal\/wp-json\/wp\/v2\/tags?post=20064"}],"curies":[{"name":"wp","href":"https:\/\/api.w.org\/{rel}","templated":true}]}}