{"id":20067,"date":"2026-04-01T15:29:35","date_gmt":"2026-04-01T18:29:35","guid":{"rendered":"https:\/\/muniteodoro.cl\/portal\/?p=20067"},"modified":"2026-04-01T15:30:48","modified_gmt":"2026-04-01T18:30:48","slug":"%f0%9f%87%a8%f0%9f%87%b1%f0%9f%92%83%f0%9f%95%ba-reconocimiento-a-nuestros-campeones-nacionales-de-cueca","status":"publish","type":"post","link":"https:\/\/muniteodoro.cl\/portal\/2026\/04\/01\/%f0%9f%87%a8%f0%9f%87%b1%f0%9f%92%83%f0%9f%95%ba-reconocimiento-a-nuestros-campeones-nacionales-de-cueca\/","title":{"rendered":"\ud83c\udde8\ud83c\uddf1\ud83d\udc83\ud83d\udd7a RECONOCIMIENTO A NUESTROS CAMPEONES NACIONALES DE CUECA"},"content":{"rendered":"<p data-start=\"0\" data-end=\"68\">\ud83c\udde8\ud83c\uddf1\ud83d\udc83\ud83d\udd7a <strong data-start=\"9\" data-end=\"68\">RECONOCIMIENTO A NUESTROS CAMPEONES NACIONALES DE CUECA<\/strong><\/p>\n<p data-start=\"70\" data-end=\"277\"><strong data-start=\"70\" data-end=\"86\">Axel V\u00e1squez<\/strong> y <strong data-start=\"89\" data-end=\"109\">Ray\u00e9n San Mart\u00edn<\/strong> se coronaron campeones de la categor\u00eda infantil del <strong data-start=\"162\" data-end=\"197\">Nacional de Cueca Huasa FEROCHI<\/strong>, realizado en Rancagua, dejando en lo m\u00e1s alto el nombre de nuestra comuna \ud83c\udf89<\/p>\n<p data-start=\"279\" data-end=\"484\">La comunidad est\u00e1 invitada a ser parte de este especial reconocimiento, donde se realizar\u00e1n <strong data-start=\"371\" data-end=\"400\">pies de cueca en su honor<\/strong> \ud83d\udc83\ud83d\udd7a y se har\u00e1 entrega de un merecido reconocimiento por este importante logro \ud83c\udfc6<\/p>\n<p data-start=\"486\" data-end=\"544\">\u00a1Acompa\u00f1emos y celebremos juntos este gran triunfo! \ud83c\udde8\ud83c\uddf1<\/p>\n<p data-start=\"546\" data-end=\"629\">\ud83d\udccd Frontis Municipalidad, Teodoro Schmidt<br data-start=\"587\" data-end=\"590\" \/>\ud83d\udcc5 02 abril 2026 &#8211; desde las 17:00Hrs<\/p>\n<p data-start=\"631\" data-end=\"719\" data-is-last-node=\"\" data-is-only-node=\"\">#MuniTeodoro #TeodoroSchmidt #Cueca #CampeonesNacionales<\/p>\n","protected":false},"excerpt":{"rendered":"<p>\ud83c\udde8\ud83c\uddf1\ud83d\udc83\ud83d\udd7a RECONOCIMIENTO A NUESTROS CAMPEONES NACIONALES DE CUECA Axel V\u00e1squez y Ray\u00e9n San Mart\u00edn se coronaron campeones de la categor\u00eda infantil del Nacional de Cueca Huasa FEROCHI, realizado en Rancagua, dejando en lo m\u00e1s alto el nombre de nuestra comuna \ud83c\udf89 La comunidad est\u00e1 invitada a ser parte de este especial reconocimiento, donde se realizar\u00e1n [&hellip;]<\/p>\n","protected":false},"author":5,"featured_media":20070,"comment_status":"closed","ping_status":"open","sticky":false,"template":"","format":"standard","meta":{"xn-wppe-expiration":[],"xn-wppe-expiration-action":[],"xn-wppe-expiration-prefix":[],"footnotes":""},"categories":[7],"tags":[],"class_list":["post-20067","post","type-post","status-publish","format-standard","has-post-thumbnail","hentry","category-noticias"],"publishpress_future_action":{"enabled":false,"date":"2026-05-10 04:19:38","action":"change-status","newStatus":"draft","terms":[],"taxonomy":"category","extraData":[]},"publishpress_future_workflow_manual_trigger":{"enabledWorkflows":[]},"_links":{"self":[{"href":"https:\/\/muniteodoro.cl\/portal\/wp-json\/wp\/v2\/posts\/20067","targetHints":{"allow":["GET"]}}],"collection":[{"href":"https:\/\/muniteodoro.cl\/portal\/wp-json\/wp\/v2\/posts"}],"about":[{"href":"https:\/\/muniteodoro.cl\/portal\/wp-json\/wp\/v2\/types\/post"}],"author":[{"embeddable":true,"href":"https:\/\/muniteodoro.cl\/portal\/wp-json\/wp\/v2\/users\/5"}],"replies":[{"embeddable":true,"href":"https:\/\/muniteodoro.cl\/portal\/wp-json\/wp\/v2\/comments?post=20067"}],"version-history":[{"count":2,"href":"https:\/\/muniteodoro.cl\/portal\/wp-json\/wp\/v2\/posts\/20067\/revisions"}],"predecessor-version":[{"id":20069,"href":"https:\/\/muniteodoro.cl\/portal\/wp-json\/wp\/v2\/posts\/20067\/revisions\/20069"}],"wp:featuredmedia":[{"embeddable":true,"href":"https:\/\/muniteodoro.cl\/portal\/wp-json\/wp\/v2\/media\/20070"}],"wp:attachment":[{"href":"https:\/\/muniteodoro.cl\/portal\/wp-json\/wp\/v2\/media?parent=20067"}],"wp:term":[{"taxonomy":"category","embeddable":true,"href":"https:\/\/muniteodoro.cl\/portal\/wp-json\/wp\/v2\/categories?post=20067"},{"taxonomy":"post_tag","embeddable":true,"href":"https:\/\/muniteodoro.cl\/portal\/wp-json\/wp\/v2\/tags?post=20067"}],"curies":[{"name":"wp","href":"https:\/\/api.w.org\/{rel}","templated":true}]}}