{"id":20176,"date":"2026-04-27T10:51:14","date_gmt":"2026-04-27T14:51:14","guid":{"rendered":"https:\/\/muniteodoro.cl\/portal\/?p=20176"},"modified":"2026-04-27T10:54:06","modified_gmt":"2026-04-27T14:54:06","slug":"alcalde-baldomero-santos-presenta-cuenta-publica-2025-con-importantes-avances-para-la-comuna","status":"publish","type":"post","link":"https:\/\/muniteodoro.cl\/portal\/2026\/04\/27\/alcalde-baldomero-santos-presenta-cuenta-publica-2025-con-importantes-avances-para-la-comuna\/","title":{"rendered":"ALCALDE BALDOMERO SANTOS PRESENTA CUENTA P\u00daBLICA 2025 CON IMPORTANTES AVANCES PARA LA COMUNA\u00a0"},"content":{"rendered":"<p data-start=\"0\" data-end=\"100\">ALCALDE BALDOMERO SANTOS PRESENTA CUENTA P\u00daBLICA 2025 CON IMPORTANTES AVANCES PARA LA COMUNA \ud83d\udcca\ud83c\udfdb\ufe0f<\/p>\n<p data-start=\"102\" data-end=\"341\">Este viernes, el alcalde Baldomero Santos present\u00f3 la Cuenta P\u00fablica 2025 ante el Concejo Municipal, el Consejo de la Sociedad Civil y la comunidad, con la participaci\u00f3n de autoridades regionales y representantes del mundo educativo \ud83e\udd1d\ud83d\udcda<\/p>\n<p data-start=\"343\" data-end=\"723\">En la instancia, se destacaron proyectos como el mejoramiento de la Plaza de Barros Arana \ud83c\udf33, la conservaci\u00f3n del sistema APR de Neicuf\u2013Pocul\u00f3n\u2013Saltapura \ud83d\udca7, la reposici\u00f3n del Terminal de Buses de Hualp\u00edn \ud83d\ude8c, la gesti\u00f3n para un cajero autom\u00e1tico en la localidad \ud83d\udcb3, la reposici\u00f3n del minib\u00fas de di\u00e1lisis \ud83d\ude90 y la construcci\u00f3n del Centro Comunitario de Cuidados en Barros Arana \ud83c\udfe5<\/p>\n<p data-start=\"725\" data-end=\"919\">En salud, se avanz\u00f3 en seguridad y atenci\u00f3n con desfibriladores en postas rurales \u2764\ufe0f, sistemas de radiocomunicaci\u00f3n \ud83d\udce1, c\u00e1maras de seguridad \ud83d\udcf9 y un chatbot para la gesti\u00f3n de horas m\u00e9dicas \ud83e\udd16<\/p>\n<p data-start=\"921\" data-end=\"1147\">En desarrollo econ\u00f3mico, se impuls\u00f3 el Fondo Emprende Municipal beneficiando a 130 emprendedores \ud83d\udcc8, junto al fortalecimiento del turismo \ud83c\udf0a y el apoyo a peque\u00f1os agricultores \ud83c\udf3e con capacitaciones y herramientas productivas<\/p>\n<p data-start=\"1149\" data-end=\"1305\">En lo social, se promovi\u00f3 el bienestar de personas mayores \ud83d\udc75\ud83d\udc74, el fortalecimiento del Programa de la Mujer \ud83d\udc69 y la participaci\u00f3n juvenil en la comuna \ud83d\udc65<\/p>\n<p data-start=\"1307\" data-end=\"1523\">En infraestructura, se ejecutaron mejoras en caminos \ud83d\udea7, pasarelas \ud83c\udf09, se\u00f1al\u00e9ticas \ud83e\udea7, resaltos y la instalaci\u00f3n de 13 puntos verdes \u267b\ufe0f, adem\u00e1s de operativos veterinarios \ud83d\udc36\ud83d\udc31 y medidas frente al d\u00e9ficit h\u00eddrico \ud83d\udca6<\/p>\n<p data-start=\"1525\" data-end=\"1681\">En educaci\u00f3n y cultura, se fortalecieron bibliotecas \ud83d\udcd6, becas municipales \ud83c\udf93 y capacitaciones en oficios \ud83d\udee0\ufe0f, junto con diversas iniciativas comunitarias<\/p>\n<p data-start=\"1683\" data-end=\"1802\">En prevenci\u00f3n, se realizaron limpiezas de canales \ud83d\ude9c, cortafuegos \ud83d\udd25, podas \ud83c\udf3f y apoyo con viviendas de emergencia \ud83c\udfe0<\/p>\n<p data-start=\"1804\" data-end=\"1985\">El alcalde destac\u00f3 la inversi\u00f3n lograda y se\u00f1al\u00f3 que a\u00fan existen desaf\u00edos importantes, reafirmando el compromiso de seguir trabajando por el desarrollo y bienestar de la comuna \ud83d\udcaa<\/p>\n<p data-start=\"1987\" data-end=\"2168\">Desde el Gobierno, Felipe Montero, seremi de Gobierno, valor\u00f3 la gesti\u00f3n y se reafirm\u00f3 el trabajo conjunto para avanzar en nuevos proyectos que beneficien a Teodoro Schmidt \ud83e\udd1d\ud83c\udde8\ud83c\uddf1<\/p>\n<p data-start=\"2172\" data-end=\"2256\">Descarga la Cuenta P\u00fablica 2025 en el siguiente enlace \ud83d\udc47<br data-start=\"2229\" data-end=\"2232\" \/><a class=\"decorated-link\" href=\"https:\/\/bit.ly\/4sYwrPQ\" target=\"_new\" rel=\"noopener\" data-start=\"2232\" data-end=\"2254\">https:\/\/bit.ly\/4sYwrPQ<\/a><\/p>\n<p data-start=\"2172\" data-end=\"2256\"><img fetchpriority=\"high\" decoding=\"async\" class=\"aligncenter size-large wp-image-20179\" src=\"https:\/\/muniteodoro.cl\/portal\/wp-content\/uploads\/2026\/04\/cta1-1024x683.jpg\" alt=\"\" width=\"1024\" height=\"683\" srcset=\"https:\/\/muniteodoro.cl\/portal\/wp-content\/uploads\/2026\/04\/cta1-1024x683.jpg 1024w, https:\/\/muniteodoro.cl\/portal\/wp-content\/uploads\/2026\/04\/cta1-300x200.jpg 300w, https:\/\/muniteodoro.cl\/portal\/wp-content\/uploads\/2026\/04\/cta1-768x512.jpg 768w, https:\/\/muniteodoro.cl\/portal\/wp-content\/uploads\/2026\/04\/cta1-1536x1024.jpg 1536w, https:\/\/muniteodoro.cl\/portal\/wp-content\/uploads\/2026\/04\/cta1-2048x1365.jpg 2048w, https:\/\/muniteodoro.cl\/portal\/wp-content\/uploads\/2026\/04\/cta1-660x440.jpg 660w\" sizes=\"(max-width: 1024px) 100vw, 1024px\" \/><\/p>\n<p data-start=\"2172\" data-end=\"2256\"><img decoding=\"async\" class=\"aligncenter size-large wp-image-20180\" src=\"https:\/\/muniteodoro.cl\/portal\/wp-content\/uploads\/2026\/04\/cta2-1024x683.jpg\" alt=\"\" width=\"1024\" height=\"683\" srcset=\"https:\/\/muniteodoro.cl\/portal\/wp-content\/uploads\/2026\/04\/cta2-1024x683.jpg 1024w, https:\/\/muniteodoro.cl\/portal\/wp-content\/uploads\/2026\/04\/cta2-300x200.jpg 300w, https:\/\/muniteodoro.cl\/portal\/wp-content\/uploads\/2026\/04\/cta2-768x512.jpg 768w, https:\/\/muniteodoro.cl\/portal\/wp-content\/uploads\/2026\/04\/cta2-1536x1024.jpg 1536w, https:\/\/muniteodoro.cl\/portal\/wp-content\/uploads\/2026\/04\/cta2-2048x1365.jpg 2048w, https:\/\/muniteodoro.cl\/portal\/wp-content\/uploads\/2026\/04\/cta2-660x440.jpg 660w\" sizes=\"(max-width: 1024px) 100vw, 1024px\" \/><\/p>\n","protected":false},"excerpt":{"rendered":"<p>ALCALDE BALDOMERO SANTOS PRESENTA CUENTA P\u00daBLICA 2025 CON IMPORTANTES AVANCES PARA LA COMUNA \ud83d\udcca\ud83c\udfdb\ufe0f Este viernes, el alcalde Baldomero Santos present\u00f3 la Cuenta P\u00fablica 2025 ante el Concejo Municipal, el Consejo de la Sociedad Civil y la comunidad, con la participaci\u00f3n de autoridades regionales y representantes del mundo educativo \ud83e\udd1d\ud83d\udcda En la instancia, se destacaron [&hellip;]<\/p>\n","protected":false},"author":5,"featured_media":20181,"comment_status":"closed","ping_status":"open","sticky":false,"template":"","format":"standard","meta":{"xn-wppe-expiration":[],"xn-wppe-expiration-action":[],"xn-wppe-expiration-prefix":[],"footnotes":""},"categories":[7],"tags":[],"class_list":["post-20176","post","type-post","status-publish","format-standard","has-post-thumbnail","hentry","category-noticias"],"publishpress_future_action":{"enabled":false,"date":"2026-05-05 09:49:29","action":"change-status","newStatus":"draft","terms":[],"taxonomy":"category","extraData":[]},"publishpress_future_workflow_manual_trigger":{"enabledWorkflows":[]},"_links":{"self":[{"href":"https:\/\/muniteodoro.cl\/portal\/wp-json\/wp\/v2\/posts\/20176","targetHints":{"allow":["GET"]}}],"collection":[{"href":"https:\/\/muniteodoro.cl\/portal\/wp-json\/wp\/v2\/posts"}],"about":[{"href":"https:\/\/muniteodoro.cl\/portal\/wp-json\/wp\/v2\/types\/post"}],"author":[{"embeddable":true,"href":"https:\/\/muniteodoro.cl\/portal\/wp-json\/wp\/v2\/users\/5"}],"replies":[{"embeddable":true,"href":"https:\/\/muniteodoro.cl\/portal\/wp-json\/wp\/v2\/comments?post=20176"}],"version-history":[{"count":4,"href":"https:\/\/muniteodoro.cl\/portal\/wp-json\/wp\/v2\/posts\/20176\/revisions"}],"predecessor-version":[{"id":20183,"href":"https:\/\/muniteodoro.cl\/portal\/wp-json\/wp\/v2\/posts\/20176\/revisions\/20183"}],"wp:featuredmedia":[{"embeddable":true,"href":"https:\/\/muniteodoro.cl\/portal\/wp-json\/wp\/v2\/media\/20181"}],"wp:attachment":[{"href":"https:\/\/muniteodoro.cl\/portal\/wp-json\/wp\/v2\/media?parent=20176"}],"wp:term":[{"taxonomy":"category","embeddable":true,"href":"https:\/\/muniteodoro.cl\/portal\/wp-json\/wp\/v2\/categories?post=20176"},{"taxonomy":"post_tag","embeddable":true,"href":"https:\/\/muniteodoro.cl\/portal\/wp-json\/wp\/v2\/tags?post=20176"}],"curies":[{"name":"wp","href":"https:\/\/api.w.org\/{rel}","templated":true}]}}