{"id":20188,"date":"2026-04-27T16:03:31","date_gmt":"2026-04-27T20:03:31","guid":{"rendered":"https:\/\/muniteodoro.cl\/portal\/?p=20188"},"modified":"2026-04-27T16:07:04","modified_gmt":"2026-04-27T20:07:04","slug":"%f0%9f%8e%bb%f0%9f%8e%b6-concierto-de-la-orquesta-filarmonica-de-temuco","status":"publish","type":"post","link":"https:\/\/muniteodoro.cl\/portal\/2026\/04\/27\/%f0%9f%8e%bb%f0%9f%8e%b6-concierto-de-la-orquesta-filarmonica-de-temuco\/","title":{"rendered":"\ud83c\udfbb\ud83c\udfb6 CONCIERTO DE LA ORQUESTA FILARM\u00d3NICA DE TEMUCO"},"content":{"rendered":"<div class=\"\" data-block=\"true\" data-editor=\"bs9n6\" data-offset-key=\"3ohec-0-0\">\n<div class=\"_1mf _1mj\" data-offset-key=\"3ohec-0-0\"><span data-offset-key=\"3ohec-0-0\">\ud83c\udfbb\ud83c\udfb6 CONCIERTO DE LA ORQUESTA FILARM\u00d3NICA DE TEMUCO<\/span><\/div>\n<\/div>\n<div class=\"\" data-block=\"true\" data-editor=\"bs9n6\" data-offset-key=\"2ki44-0-0\">\n<div class=\"_1mf _1mj\" data-offset-key=\"2ki44-0-0\"><span data-offset-key=\"2ki44-0-0\">Director: David Ayma<\/span><\/div>\n<\/div>\n<div class=\"\" data-block=\"true\" data-editor=\"bs9n6\" data-offset-key=\"9bm8u-0-0\">\n<div class=\"_1mf _1mj\" data-offset-key=\"9bm8u-0-0\"><span data-offset-key=\"9bm8u-0-0\">\u00a0<\/span><\/div>\n<\/div>\n<div class=\"\" data-block=\"true\" data-editor=\"bs9n6\" data-offset-key=\"foq8k-0-0\">\n<div class=\"_1mf _1mj\" data-offset-key=\"foq8k-0-0\"><span data-offset-key=\"foq8k-0-0\">Una experiencia cultural \u00fanica que invita a la comunidad a disfrutar de un repertorio de alto nivel, interpretado por destacados m\u00fasicos en un entorno que celebra el arte y la m\u00fasica en vivo \u2728<\/span><\/div>\n<\/div>\n<div class=\"\" data-block=\"true\" data-editor=\"bs9n6\" data-offset-key=\"bnhan-0-0\">\n<div class=\"_1mf _1mj\" data-offset-key=\"bnhan-0-0\"><span data-offset-key=\"bnhan-0-0\">\u00a0<\/span><\/div>\n<\/div>\n<div class=\"\" data-block=\"true\" data-editor=\"bs9n6\" data-offset-key=\"7ho4d-0-0\">\n<div class=\"_1mf _1mj\" data-offset-key=\"7ho4d-0-0\"><span data-offset-key=\"7ho4d-0-0\">\u00a1Te esperamos para disfrutar la m\u00fasica en vivo! \ud83c\udfbc<\/span><\/div>\n<\/div>\n<div class=\"\" data-block=\"true\" data-editor=\"bs9n6\" data-offset-key=\"cerds-0-0\">\n<div class=\"_1mf _1mj\" data-offset-key=\"cerds-0-0\"><span data-offset-key=\"cerds-0-0\">\u00a0<\/span><\/div>\n<\/div>\n<div class=\"\" data-block=\"true\" data-editor=\"bs9n6\" data-offset-key=\"9577i-0-0\">\n<div class=\"_1mf _1mj\" data-offset-key=\"9577i-0-0\"><span data-offset-key=\"9577i-0-0\">\ud83d\udccd Gimnasio Municipal, Barros Arana<\/span><\/div>\n<\/div>\n<div class=\"\" data-block=\"true\" data-editor=\"bs9n6\" data-offset-key=\"e0lln-0-0\">\n<div class=\"_1mf _1mj\" data-offset-key=\"e0lln-0-0\"><span data-offset-key=\"e0lln-0-0\">\ud83d\udcc5 15 mayo 2026 &#8211; 19:30Hrs<\/span><\/div>\n<\/div>\n<div class=\"\" data-block=\"true\" data-editor=\"bs9n6\" data-offset-key=\"8ut6l-0-0\">\n<div class=\"_1mf _1mj\" data-offset-key=\"8ut6l-0-0\"><span data-offset-key=\"8ut6l-0-0\">\u00a0<\/span><\/div>\n<\/div>\n<div class=\"\" data-block=\"true\" data-editor=\"bs9n6\" data-offset-key=\"8u2dk-0-0\">\n<div class=\"_1mf _1mj\" data-offset-key=\"8u2dk-0-0\"><span data-offset-key=\"8u2dk-0-0\">S\u00famate a la comunidad de WhatsApp Municipal y ent\u00e9rate primero de todas las novedades de la comuna \ud83d\udcf2\u2728<\/span><\/div>\n<\/div>\n<div class=\"\" data-block=\"true\" data-editor=\"bs9n6\" data-offset-key=\"6c437-0-0\">\n<div class=\"_1mf _1mj\" data-offset-key=\"6c437-0-0\"><span data-offset-key=\"6c437-0-0\">https:\/\/chat.whatsapp.com\/DeRLxN6eKVRH9AbXfkVfFm<\/span><\/div>\n<\/div>\n<div class=\"\" data-block=\"true\" data-editor=\"bs9n6\" data-offset-key=\"5pd35-0-0\">\n<div class=\"_1mf _1mj\" data-offset-key=\"5pd35-0-0\"><span data-offset-key=\"5pd35-0-0\">\u00a0<\/span><\/div>\n<\/div>\n<div class=\"\" data-block=\"true\" data-editor=\"bs9n6\" data-offset-key=\"b7o7u-0-0\">\n<div class=\"_1mf _1mj\" data-offset-key=\"b7o7u-0-0\"><span class=\"_5zk7\" spellcheck=\"false\" data-offset-key=\"b7o7u-0-0\"><span data-offset-key=\"b7o7u-0-0\">#MuniTeodoro<\/span><\/span> <span class=\"_5zk7\" spellcheck=\"false\" data-offset-key=\"b7o7u-2-0\"><span data-offset-key=\"b7o7u-2-0\">#TeodoroSchmidt<\/span><\/span> <span class=\"_5zk7\" spellcheck=\"false\" data-offset-key=\"b7o7u-4-0\"><span data-offset-key=\"b7o7u-4-0\">#Cultura<\/span><\/span><\/div>\n<\/div>\n","protected":false},"excerpt":{"rendered":"<p>\ud83c\udfbb\ud83c\udfb6 CONCIERTO DE LA ORQUESTA FILARM\u00d3NICA DE TEMUCO Director: David Ayma \u00a0 Una experiencia cultural \u00fanica que invita a la comunidad a disfrutar de un repertorio de alto nivel, interpretado por destacados m\u00fasicos en un entorno que celebra el arte y la m\u00fasica en vivo \u2728 \u00a0 \u00a1Te esperamos para disfrutar la m\u00fasica en vivo! [&hellip;]<\/p>\n","protected":false},"author":5,"featured_media":20190,"comment_status":"closed","ping_status":"open","sticky":false,"template":"","format":"standard","meta":{"xn-wppe-expiration":[],"xn-wppe-expiration-action":[],"xn-wppe-expiration-prefix":[],"footnotes":""},"categories":[7],"tags":[],"class_list":["post-20188","post","type-post","status-publish","format-standard","has-post-thumbnail","hentry","category-noticias"],"publishpress_future_action":{"enabled":false,"date":"2026-05-05 09:48:59","action":"change-status","newStatus":"draft","terms":[],"taxonomy":"category","extraData":[]},"publishpress_future_workflow_manual_trigger":{"enabledWorkflows":[]},"_links":{"self":[{"href":"https:\/\/muniteodoro.cl\/portal\/wp-json\/wp\/v2\/posts\/20188","targetHints":{"allow":["GET"]}}],"collection":[{"href":"https:\/\/muniteodoro.cl\/portal\/wp-json\/wp\/v2\/posts"}],"about":[{"href":"https:\/\/muniteodoro.cl\/portal\/wp-json\/wp\/v2\/types\/post"}],"author":[{"embeddable":true,"href":"https:\/\/muniteodoro.cl\/portal\/wp-json\/wp\/v2\/users\/5"}],"replies":[{"embeddable":true,"href":"https:\/\/muniteodoro.cl\/portal\/wp-json\/wp\/v2\/comments?post=20188"}],"version-history":[{"count":1,"href":"https:\/\/muniteodoro.cl\/portal\/wp-json\/wp\/v2\/posts\/20188\/revisions"}],"predecessor-version":[{"id":20189,"href":"https:\/\/muniteodoro.cl\/portal\/wp-json\/wp\/v2\/posts\/20188\/revisions\/20189"}],"wp:featuredmedia":[{"embeddable":true,"href":"https:\/\/muniteodoro.cl\/portal\/wp-json\/wp\/v2\/media\/20190"}],"wp:attachment":[{"href":"https:\/\/muniteodoro.cl\/portal\/wp-json\/wp\/v2\/media?parent=20188"}],"wp:term":[{"taxonomy":"category","embeddable":true,"href":"https:\/\/muniteodoro.cl\/portal\/wp-json\/wp\/v2\/categories?post=20188"},{"taxonomy":"post_tag","embeddable":true,"href":"https:\/\/muniteodoro.cl\/portal\/wp-json\/wp\/v2\/tags?post=20188"}],"curies":[{"name":"wp","href":"https:\/\/api.w.org\/{rel}","templated":true}]}}