{"id":20191,"date":"2026-04-28T11:15:27","date_gmt":"2026-04-28T15:15:27","guid":{"rendered":"https:\/\/muniteodoro.cl\/portal\/?p=20191"},"modified":"2026-04-28T11:18:56","modified_gmt":"2026-04-28T15:18:56","slug":"%f0%9f%87%a8%f0%9f%87%b1%e2%9a%93-acto-civico-y-desfile-en-conmemoracion-de-las-glorias-navales","status":"publish","type":"post","link":"https:\/\/muniteodoro.cl\/portal\/2026\/04\/28\/%f0%9f%87%a8%f0%9f%87%b1%e2%9a%93-acto-civico-y-desfile-en-conmemoracion-de-las-glorias-navales\/","title":{"rendered":"\ud83c\udde8\ud83c\uddf1\u2693 ACTO C\u00cdVICO Y DESFILE EN CONMEMORACI\u00d3N DE LAS GLORIAS NAVALES"},"content":{"rendered":"<div class=\"\" data-block=\"true\" data-editor=\"f493u\" data-offset-key=\"5t5i4-0-0\">\n<div class=\"_1mf _1mj\" data-offset-key=\"5t5i4-0-0\"><span data-offset-key=\"5t5i4-0-0\">\ud83c\udde8\ud83c\uddf1\u2693 ACTO C\u00cdVICO Y DESFILE EN CONMEMORACI\u00d3N DE LAS GLORIAS NAVALES<\/span><\/div>\n<\/div>\n<div class=\"\" data-block=\"true\" data-editor=\"f493u\" data-offset-key=\"5o0tp-0-0\">\n<div class=\"_1mf _1mj\" data-offset-key=\"5o0tp-0-0\"><span data-offset-key=\"5o0tp-0-0\">\u00a0<\/span><\/div>\n<\/div>\n<div class=\"\" data-block=\"true\" data-editor=\"f493u\" data-offset-key=\"7tn0s-0-0\">\n<div class=\"_1mf _1mj\" data-offset-key=\"7tn0s-0-0\"><span data-offset-key=\"7tn0s-0-0\">La comunidad se re\u00fane para rendir homenaje a nuestras tradiciones y a quienes forjaron la historia naval de Chile, en una jornada marcada por el respeto, la participaci\u00f3n y el esp\u00edritu c\u00edvico \ud83c\udf96\ufe0f<\/span><\/div>\n<\/div>\n<div class=\"\" data-block=\"true\" data-editor=\"f493u\" data-offset-key=\"2m3gh-0-0\">\n<div class=\"_1mf _1mj\" data-offset-key=\"2m3gh-0-0\"><span data-offset-key=\"2m3gh-0-0\">\u00a0<\/span><\/div>\n<\/div>\n<div class=\"\" data-block=\"true\" data-editor=\"f493u\" data-offset-key=\"du2nb-0-0\">\n<div class=\"_1mf _1mj\" data-offset-key=\"du2nb-0-0\"><span data-offset-key=\"du2nb-0-0\">Te invitamos a ser parte de esta significativa ceremonia junto a nosotros \ud83e\udd1d<\/span><\/div>\n<\/div>\n<div class=\"\" data-block=\"true\" data-editor=\"f493u\" data-offset-key=\"ak59c-0-0\">\n<div class=\"_1mf _1mj\" data-offset-key=\"ak59c-0-0\"><span data-offset-key=\"ak59c-0-0\">\u00a0<\/span><\/div>\n<\/div>\n<div class=\"\" data-block=\"true\" data-editor=\"f493u\" data-offset-key=\"4v8k9-0-0\">\n<div class=\"_1mf _1mj\" data-offset-key=\"4v8k9-0-0\"><span data-offset-key=\"4v8k9-0-0\">\ud83d\udccd Frontis Municipalidad, Teodoro Schmidt<\/span><\/div>\n<\/div>\n<div class=\"\" data-block=\"true\" data-editor=\"f493u\" data-offset-key=\"8rnr7-0-0\">\n<div class=\"_1mf _1mj\" data-offset-key=\"8rnr7-0-0\"><span data-offset-key=\"8rnr7-0-0\">\ud83d\udcc5 18 mayo 2026 &#8211; desde las 10:00Hrs<\/span><\/div>\n<\/div>\n<div class=\"\" data-block=\"true\" data-editor=\"f493u\" data-offset-key=\"6luko-0-0\">\n<div class=\"_1mf _1mj\" data-offset-key=\"6luko-0-0\"><span data-offset-key=\"6luko-0-0\">\u00a0<\/span><\/div>\n<\/div>\n<div class=\"\" data-block=\"true\" data-editor=\"f493u\" data-offset-key=\"p7qp-0-0\">\n<div class=\"_1mf _1mj\" data-offset-key=\"p7qp-0-0\"><span data-offset-key=\"p7qp-0-0\">S\u00famate a la comunidad de WhatsApp Municipal y ent\u00e9rate primero de todas las novedades de la comuna \ud83d\udcf2\u2728<\/span><\/div>\n<\/div>\n<div class=\"\" data-block=\"true\" data-editor=\"f493u\" data-offset-key=\"8epg9-0-0\">\n<div class=\"_1mf _1mj\" data-offset-key=\"8epg9-0-0\"><span data-offset-key=\"8epg9-0-0\">https:\/\/chat.whatsapp.com\/DeRLxN6eKVRH9AbXfkVfFm<\/span><\/div>\n<\/div>\n<div class=\"\" data-block=\"true\" data-editor=\"f493u\" data-offset-key=\"6gv4d-0-0\">\n<div class=\"_1mf _1mj\" data-offset-key=\"6gv4d-0-0\"><span data-offset-key=\"6gv4d-0-0\">\u00a0<\/span><\/div>\n<\/div>\n<div class=\"\" data-block=\"true\" data-editor=\"f493u\" data-offset-key=\"lshf-0-0\">\n<div class=\"_1mf _1mj\" data-offset-key=\"lshf-0-0\"><span class=\"_5zk7\" spellcheck=\"false\" data-offset-key=\"lshf-0-0\"><span data-offset-key=\"lshf-0-0\">#MuniTeodoro<\/span><\/span> <span class=\"_5zk7\" spellcheck=\"false\" data-offset-key=\"lshf-2-0\"><span data-offset-key=\"lshf-2-0\">#TeodoroSchmidt<\/span><\/span> <span class=\"_5zk7\" spellcheck=\"false\" data-offset-key=\"lshf-4-0\"><span data-offset-key=\"lshf-4-0\">#GloriasNavales<\/span><\/span><\/div>\n<\/div>\n","protected":false},"excerpt":{"rendered":"<p>\ud83c\udde8\ud83c\uddf1\u2693 ACTO C\u00cdVICO Y DESFILE EN CONMEMORACI\u00d3N DE LAS GLORIAS NAVALES \u00a0 La comunidad se re\u00fane para rendir homenaje a nuestras tradiciones y a quienes forjaron la historia naval de Chile, en una jornada marcada por el respeto, la participaci\u00f3n y el esp\u00edritu c\u00edvico \ud83c\udf96\ufe0f \u00a0 Te invitamos a ser parte de esta significativa ceremonia [&hellip;]<\/p>\n","protected":false},"author":5,"featured_media":20193,"comment_status":"closed","ping_status":"open","sticky":false,"template":"","format":"standard","meta":{"xn-wppe-expiration":[],"xn-wppe-expiration-action":[],"xn-wppe-expiration-prefix":[],"footnotes":""},"categories":[7],"tags":[],"class_list":["post-20191","post","type-post","status-publish","format-standard","has-post-thumbnail","hentry","category-noticias"],"publishpress_future_action":{"enabled":false,"date":"2026-05-05 13:58:55","action":"change-status","newStatus":"draft","terms":[],"taxonomy":"category","extraData":[]},"publishpress_future_workflow_manual_trigger":{"enabledWorkflows":[]},"_links":{"self":[{"href":"https:\/\/muniteodoro.cl\/portal\/wp-json\/wp\/v2\/posts\/20191","targetHints":{"allow":["GET"]}}],"collection":[{"href":"https:\/\/muniteodoro.cl\/portal\/wp-json\/wp\/v2\/posts"}],"about":[{"href":"https:\/\/muniteodoro.cl\/portal\/wp-json\/wp\/v2\/types\/post"}],"author":[{"embeddable":true,"href":"https:\/\/muniteodoro.cl\/portal\/wp-json\/wp\/v2\/users\/5"}],"replies":[{"embeddable":true,"href":"https:\/\/muniteodoro.cl\/portal\/wp-json\/wp\/v2\/comments?post=20191"}],"version-history":[{"count":1,"href":"https:\/\/muniteodoro.cl\/portal\/wp-json\/wp\/v2\/posts\/20191\/revisions"}],"predecessor-version":[{"id":20192,"href":"https:\/\/muniteodoro.cl\/portal\/wp-json\/wp\/v2\/posts\/20191\/revisions\/20192"}],"wp:featuredmedia":[{"embeddable":true,"href":"https:\/\/muniteodoro.cl\/portal\/wp-json\/wp\/v2\/media\/20193"}],"wp:attachment":[{"href":"https:\/\/muniteodoro.cl\/portal\/wp-json\/wp\/v2\/media?parent=20191"}],"wp:term":[{"taxonomy":"category","embeddable":true,"href":"https:\/\/muniteodoro.cl\/portal\/wp-json\/wp\/v2\/categories?post=20191"},{"taxonomy":"post_tag","embeddable":true,"href":"https:\/\/muniteodoro.cl\/portal\/wp-json\/wp\/v2\/tags?post=20191"}],"curies":[{"name":"wp","href":"https:\/\/api.w.org\/{rel}","templated":true}]}}