{"id":20201,"date":"2026-04-29T09:12:16","date_gmt":"2026-04-29T13:12:16","guid":{"rendered":"https:\/\/muniteodoro.cl\/portal\/?p=20201"},"modified":"2026-04-29T09:14:23","modified_gmt":"2026-04-29T13:14:23","slug":"%f0%9f%9a%9b%e2%99%bb%ef%b8%8f-recorrido-camion-recolector-por-feriado-01-de-mayo","status":"publish","type":"post","link":"https:\/\/muniteodoro.cl\/portal\/2026\/04\/29\/%f0%9f%9a%9b%e2%99%bb%ef%b8%8f-recorrido-camion-recolector-por-feriado-01-de-mayo\/","title":{"rendered":"\ud83d\ude9b\u267b\ufe0f RECORRIDO CAMI\u00d3N RECOLECTOR POR FERIADO 01 DE MAYO"},"content":{"rendered":"<div class=\"\" data-block=\"true\" data-editor=\"aj186\" data-offset-key=\"1ntlc-0-0\">\n<div class=\"_1mf _1mj\" data-offset-key=\"1ntlc-0-0\"><span data-offset-key=\"1ntlc-0-0\">\ud83d\ude9b\u267b\ufe0f RECORRIDO CAMI\u00d3N RECOLECTOR POR FERIADO 01 DE MAYO<\/span><\/div>\n<\/div>\n<div class=\"\" data-block=\"true\" data-editor=\"aj186\" data-offset-key=\"1r43u-0-0\">\n<div class=\"_1mf _1mj\" data-offset-key=\"1r43u-0-0\"><span data-offset-key=\"1r43u-0-0\">Por ser feriado del 01 de mayo, se realizar\u00e1n modificaciones en los recorridos de los camiones recolectores de basura en la comuna \ud83d\uddd3\ufe0f<\/span><\/div>\n<\/div>\n<div class=\"\" data-block=\"true\" data-editor=\"aj186\" data-offset-key=\"2nglg-0-0\">\n<div class=\"_1mf _1mj\" data-offset-key=\"2nglg-0-0\"><span data-offset-key=\"2nglg-0-0\">\u00a0<\/span><\/div>\n<\/div>\n<div class=\"\" data-block=\"true\" data-editor=\"aj186\" data-offset-key=\"b72v9-0-0\">\n<div class=\"_1mf _1mj\" data-offset-key=\"b72v9-0-0\"><span data-offset-key=\"b72v9-0-0\">\ud83d\udccc Revisa el detalle en el post de la publicaci\u00f3n<\/span><\/div>\n<\/div>\n<div class=\"\" data-block=\"true\" data-editor=\"aj186\" data-offset-key=\"53nfh-0-0\">\n<div class=\"_1mf _1mj\" data-offset-key=\"53nfh-0-0\"><span data-offset-key=\"53nfh-0-0\">\u00a0<\/span><\/div>\n<\/div>\n<div class=\"\" data-block=\"true\" data-editor=\"aj186\" data-offset-key=\"1ho7h-0-0\">\n<div class=\"_1mf _1mj\" data-offset-key=\"1ho7h-0-0\"><span data-offset-key=\"1ho7h-0-0\">\u26a0\ufe0f Solicitamos a los vecinos(as) no sacar la basura, manteni\u00e9ndola en su domicilio hasta que el cami\u00f3n recolector pase retir\u00e1ndola \ud83d\udeab\ud83d\uddd1\ufe0f<\/span><\/div>\n<\/div>\n<div class=\"\" data-block=\"true\" data-editor=\"aj186\" data-offset-key=\"1br7h-0-0\">\n<div class=\"_1mf _1mj\" data-offset-key=\"1br7h-0-0\"><span data-offset-key=\"1br7h-0-0\">\u00a0<\/span><\/div>\n<\/div>\n<div class=\"\" data-block=\"true\" data-editor=\"aj186\" data-offset-key=\"cr2pq-0-0\">\n<div class=\"_1mf _1mj\" data-offset-key=\"cr2pq-0-0\"><span data-offset-key=\"cr2pq-0-0\">Agradecemos su colaboraci\u00f3n para mantener una comuna m\u00e1s limpia \ud83e\udd1d\ud83c\udf31<\/span><\/div>\n<\/div>\n<div class=\"\" data-block=\"true\" data-editor=\"aj186\" data-offset-key=\"2oc0r-0-0\">\n<div class=\"_1mf _1mj\" data-offset-key=\"2oc0r-0-0\"><span data-offset-key=\"2oc0r-0-0\">\u00a0<\/span><\/div>\n<\/div>\n<div class=\"\" data-block=\"true\" data-editor=\"aj186\" data-offset-key=\"8phoa-0-0\">\n<div class=\"_1mf _1mj\" data-offset-key=\"8phoa-0-0\"><span data-offset-key=\"8phoa-0-0\">S\u00famate a la comunidad de WhatsApp Municipal y ent\u00e9rate primero de todas las novedades de la comuna \ud83d\udcf2\u2728<\/span><\/div>\n<\/div>\n<div class=\"\" data-block=\"true\" data-editor=\"aj186\" data-offset-key=\"7s6sr-0-0\">\n<div class=\"_1mf _1mj\" data-offset-key=\"7s6sr-0-0\"><span data-offset-key=\"7s6sr-0-0\">https:\/\/chat.whatsapp.com\/DeRLxN6eKVRH9AbXfkVfFm<\/span><\/div>\n<\/div>\n<div class=\"\" data-block=\"true\" data-editor=\"aj186\" data-offset-key=\"4ade7-0-0\">\n<div class=\"_1mf _1mj\" data-offset-key=\"4ade7-0-0\"><span data-offset-key=\"4ade7-0-0\">\u00a0<\/span><\/div>\n<\/div>\n<div class=\"\" data-block=\"true\" data-editor=\"aj186\" data-offset-key=\"1amkr-0-0\">\n<div class=\"_1mf _1mj\" data-offset-key=\"1amkr-0-0\"><span class=\"_5zk7\" spellcheck=\"false\" data-offset-key=\"1amkr-0-0\"><span data-offset-key=\"1amkr-0-0\">#MuniTeodoro<\/span><\/span> <span class=\"_5zk7\" spellcheck=\"false\" data-offset-key=\"1amkr-2-0\"><span data-offset-key=\"1amkr-2-0\">#TeodoroSchmidt<\/span><\/span> <span class=\"_5zk7\" spellcheck=\"false\" data-offset-key=\"1amkr-4-0\"><span data-offset-key=\"1amkr-4-0\">#AseoMunicipal<\/span><\/span><\/div>\n<\/div>\n","protected":false},"excerpt":{"rendered":"<p>\ud83d\ude9b\u267b\ufe0f RECORRIDO CAMI\u00d3N RECOLECTOR POR FERIADO 01 DE MAYO Por ser feriado del 01 de mayo, se realizar\u00e1n modificaciones en los recorridos de los camiones recolectores de basura en la comuna \ud83d\uddd3\ufe0f \u00a0 \ud83d\udccc Revisa el detalle en el post de la publicaci\u00f3n \u00a0 \u26a0\ufe0f Solicitamos a los vecinos(as) no sacar la basura, manteni\u00e9ndola en [&hellip;]<\/p>\n","protected":false},"author":5,"featured_media":20203,"comment_status":"closed","ping_status":"open","sticky":false,"template":"","format":"standard","meta":{"xn-wppe-expiration":[],"xn-wppe-expiration-action":[],"xn-wppe-expiration-prefix":[],"footnotes":""},"categories":[7],"tags":[],"class_list":["post-20201","post","type-post","status-publish","format-standard","has-post-thumbnail","hentry","category-noticias"],"publishpress_future_action":{"enabled":false,"date":"2026-05-07 08:47:59","action":"change-status","newStatus":"draft","terms":[],"taxonomy":"category","extraData":[]},"publishpress_future_workflow_manual_trigger":{"enabledWorkflows":[]},"_links":{"self":[{"href":"https:\/\/muniteodoro.cl\/portal\/wp-json\/wp\/v2\/posts\/20201","targetHints":{"allow":["GET"]}}],"collection":[{"href":"https:\/\/muniteodoro.cl\/portal\/wp-json\/wp\/v2\/posts"}],"about":[{"href":"https:\/\/muniteodoro.cl\/portal\/wp-json\/wp\/v2\/types\/post"}],"author":[{"embeddable":true,"href":"https:\/\/muniteodoro.cl\/portal\/wp-json\/wp\/v2\/users\/5"}],"replies":[{"embeddable":true,"href":"https:\/\/muniteodoro.cl\/portal\/wp-json\/wp\/v2\/comments?post=20201"}],"version-history":[{"count":1,"href":"https:\/\/muniteodoro.cl\/portal\/wp-json\/wp\/v2\/posts\/20201\/revisions"}],"predecessor-version":[{"id":20202,"href":"https:\/\/muniteodoro.cl\/portal\/wp-json\/wp\/v2\/posts\/20201\/revisions\/20202"}],"wp:featuredmedia":[{"embeddable":true,"href":"https:\/\/muniteodoro.cl\/portal\/wp-json\/wp\/v2\/media\/20203"}],"wp:attachment":[{"href":"https:\/\/muniteodoro.cl\/portal\/wp-json\/wp\/v2\/media?parent=20201"}],"wp:term":[{"taxonomy":"category","embeddable":true,"href":"https:\/\/muniteodoro.cl\/portal\/wp-json\/wp\/v2\/categories?post=20201"},{"taxonomy":"post_tag","embeddable":true,"href":"https:\/\/muniteodoro.cl\/portal\/wp-json\/wp\/v2\/tags?post=20201"}],"curies":[{"name":"wp","href":"https:\/\/api.w.org\/{rel}","templated":true}]}}