{"id":20208,"date":"2026-04-29T12:46:31","date_gmt":"2026-04-29T16:46:31","guid":{"rendered":"https:\/\/muniteodoro.cl\/portal\/?p=20208"},"modified":"2026-04-29T12:50:26","modified_gmt":"2026-04-29T16:50:26","slug":"%f0%9f%a4%9d%f0%9f%93%8a-reunion-de-priorizacion-de-iniciativas-comunales","status":"publish","type":"post","link":"https:\/\/muniteodoro.cl\/portal\/2026\/04\/29\/%f0%9f%a4%9d%f0%9f%93%8a-reunion-de-priorizacion-de-iniciativas-comunales\/","title":{"rendered":"\ud83e\udd1d\ud83d\udcca REUNI\u00d3N DE PRIORIZACI\u00d3N DE INICIATIVAS COMUNALES"},"content":{"rendered":"<div class=\"\" data-block=\"true\" data-editor=\"5aa02\" data-offset-key=\"8or0c-0-0\">\n<div class=\"_1mf _1mj\" data-offset-key=\"8or0c-0-0\"><span data-offset-key=\"8or0c-0-0\">\ud83e\udd1d\ud83d\udcca REUNI\u00d3N DE PRIORIZACI\u00d3N DE INICIATIVAS COMUNALES<\/span><\/div>\n<\/div>\n<div class=\"\" data-block=\"true\" data-editor=\"5aa02\" data-offset-key=\"4b8b0-0-0\">\n<div class=\"_1mf _1mj\" data-offset-key=\"4b8b0-0-0\"><span data-offset-key=\"4b8b0-0-0\">Instancia participativa donde autoridades y comunidad se re\u00fanen para definir y priorizar las principales iniciativas que marcar\u00e1n el desarrollo de la comuna durante el per\u00edodo 2026-2028 \ud83c\udfe1<\/span><\/div>\n<\/div>\n<div class=\"\" data-block=\"true\" data-editor=\"5aa02\" data-offset-key=\"8r293-0-0\">\n<div class=\"_1mf _1mj\" data-offset-key=\"8r293-0-0\"><span data-offset-key=\"8r293-0-0\">\u00a0<\/span><\/div>\n<\/div>\n<div class=\"\" data-block=\"true\" data-editor=\"5aa02\" data-offset-key=\"bfcu8-0-0\">\n<div class=\"_1mf _1mj\" data-offset-key=\"bfcu8-0-0\"><span data-offset-key=\"bfcu8-0-0\">Un espacio de di\u00e1logo y trabajo colaborativo orientado a proyectar un futuro con m\u00e1s oportunidades para todas y todos \u2728<\/span><\/div>\n<\/div>\n<div class=\"\" data-block=\"true\" data-editor=\"5aa02\" data-offset-key=\"cp52k-0-0\">\n<div class=\"_1mf _1mj\" data-offset-key=\"cp52k-0-0\"><span data-offset-key=\"cp52k-0-0\">\u00a0<\/span><\/div>\n<\/div>\n<div class=\"\" data-block=\"true\" data-editor=\"5aa02\" data-offset-key=\"begpu-0-0\">\n<div class=\"_1mf _1mj\" data-offset-key=\"begpu-0-0\"><span data-offset-key=\"begpu-0-0\">\ud83d\udccd Auditorio Municipal, Teodoro Schmidt<\/span><\/div>\n<\/div>\n<div class=\"\" data-block=\"true\" data-editor=\"5aa02\" data-offset-key=\"1d8c-0-0\">\n<div class=\"_1mf _1mj\" data-offset-key=\"1d8c-0-0\"><span data-offset-key=\"1d8c-0-0\">\ud83d\udcc5 04 mayo 2026 &#8211; 11:00Hrs<\/span><\/div>\n<\/div>\n<div class=\"\" data-block=\"true\" data-editor=\"5aa02\" data-offset-key=\"d6b40-0-0\">\n<div class=\"_1mf _1mj\" data-offset-key=\"d6b40-0-0\"><span data-offset-key=\"d6b40-0-0\">\u00a0<\/span><\/div>\n<\/div>\n<div class=\"\" data-block=\"true\" data-editor=\"5aa02\" data-offset-key=\"3l9re-0-0\">\n<div class=\"_1mf _1mj\" data-offset-key=\"3l9re-0-0\"><span data-offset-key=\"3l9re-0-0\">S\u00famate a la comunidad de WhatsApp Municipal y ent\u00e9rate primero de todas las novedades de la comuna \ud83d\udcf2\u2728<\/span><\/div>\n<\/div>\n<div class=\"\" data-block=\"true\" data-editor=\"5aa02\" data-offset-key=\"972eu-0-0\">\n<div class=\"_1mf _1mj\" data-offset-key=\"972eu-0-0\"><span data-offset-key=\"972eu-0-0\">https:\/\/chat.whatsapp.com\/DeRLxN6eKVRH9AbXfkVfFm<\/span><\/div>\n<\/div>\n<div class=\"\" data-block=\"true\" data-editor=\"5aa02\" data-offset-key=\"rtmu-0-0\">\n<div class=\"_1mf _1mj\" data-offset-key=\"rtmu-0-0\"><span data-offset-key=\"rtmu-0-0\">\u00a0<\/span><\/div>\n<\/div>\n<div class=\"\" data-block=\"true\" data-editor=\"5aa02\" data-offset-key=\"6pq5f-0-0\">\n<div class=\"_1mf _1mj\" data-offset-key=\"6pq5f-0-0\"><span class=\"_5zk7\" spellcheck=\"false\" data-offset-key=\"6pq5f-0-0\"><span data-offset-key=\"6pq5f-0-0\">#MuniTeodoro<\/span><\/span> <span class=\"_5zk7\" spellcheck=\"false\" data-offset-key=\"6pq5f-2-0\"><span data-offset-key=\"6pq5f-2-0\">#TeodoroSchmidt<\/span><\/span> <span class=\"_5zk7\" spellcheck=\"false\" data-offset-key=\"6pq5f-4-0\"><span data-offset-key=\"6pq5f-4-0\">#Participaci\u00f3nCiudadana<\/span><\/span><\/div>\n<\/div>\n","protected":false},"excerpt":{"rendered":"<p>\ud83e\udd1d\ud83d\udcca REUNI\u00d3N DE PRIORIZACI\u00d3N DE INICIATIVAS COMUNALES Instancia participativa donde autoridades y comunidad se re\u00fanen para definir y priorizar las principales iniciativas que marcar\u00e1n el desarrollo de la comuna durante el per\u00edodo 2026-2028 \ud83c\udfe1 \u00a0 Un espacio de di\u00e1logo y trabajo colaborativo orientado a proyectar un futuro con m\u00e1s oportunidades para todas y todos \u2728 [&hellip;]<\/p>\n","protected":false},"author":5,"featured_media":20210,"comment_status":"closed","ping_status":"open","sticky":false,"template":"","format":"standard","meta":{"xn-wppe-expiration":[],"xn-wppe-expiration-action":[],"xn-wppe-expiration-prefix":[],"footnotes":""},"categories":[7],"tags":[],"class_list":["post-20208","post","type-post","status-publish","format-standard","has-post-thumbnail","hentry","category-noticias"],"publishpress_future_action":{"enabled":false,"date":"2026-05-07 08:47:58","action":"change-status","newStatus":"draft","terms":[],"taxonomy":"category","extraData":[]},"publishpress_future_workflow_manual_trigger":{"enabledWorkflows":[]},"_links":{"self":[{"href":"https:\/\/muniteodoro.cl\/portal\/wp-json\/wp\/v2\/posts\/20208","targetHints":{"allow":["GET"]}}],"collection":[{"href":"https:\/\/muniteodoro.cl\/portal\/wp-json\/wp\/v2\/posts"}],"about":[{"href":"https:\/\/muniteodoro.cl\/portal\/wp-json\/wp\/v2\/types\/post"}],"author":[{"embeddable":true,"href":"https:\/\/muniteodoro.cl\/portal\/wp-json\/wp\/v2\/users\/5"}],"replies":[{"embeddable":true,"href":"https:\/\/muniteodoro.cl\/portal\/wp-json\/wp\/v2\/comments?post=20208"}],"version-history":[{"count":1,"href":"https:\/\/muniteodoro.cl\/portal\/wp-json\/wp\/v2\/posts\/20208\/revisions"}],"predecessor-version":[{"id":20209,"href":"https:\/\/muniteodoro.cl\/portal\/wp-json\/wp\/v2\/posts\/20208\/revisions\/20209"}],"wp:featuredmedia":[{"embeddable":true,"href":"https:\/\/muniteodoro.cl\/portal\/wp-json\/wp\/v2\/media\/20210"}],"wp:attachment":[{"href":"https:\/\/muniteodoro.cl\/portal\/wp-json\/wp\/v2\/media?parent=20208"}],"wp:term":[{"taxonomy":"category","embeddable":true,"href":"https:\/\/muniteodoro.cl\/portal\/wp-json\/wp\/v2\/categories?post=20208"},{"taxonomy":"post_tag","embeddable":true,"href":"https:\/\/muniteodoro.cl\/portal\/wp-json\/wp\/v2\/tags?post=20208"}],"curies":[{"name":"wp","href":"https:\/\/api.w.org\/{rel}","templated":true}]}}