{"id":20785,"date":"2026-09-02T12:36:15","date_gmt":"2026-09-02T16:36:15","guid":{"rendered":"https:\/\/muniteodoro.cl\/portal\/?p=20785"},"modified":"2026-09-02T12:40:07","modified_gmt":"2026-09-02T16:40:07","slug":"%f0%9f%a4%9d%e2%9c%a8-atencion-organizaciones-comunitarias","status":"publish","type":"post","link":"https:\/\/muniteodoro.cl\/portal\/2026\/09\/02\/%f0%9f%a4%9d%e2%9c%a8-atencion-organizaciones-comunitarias\/","title":{"rendered":"\ud83e\udd1d\u2728 \u00a1ATENCI\u00d3N ORGANIZACIONES COMUNITARIAS!"},"content":{"rendered":"<div class=\"\" data-block=\"true\" data-editor=\"7pv4k\" data-offset-key=\"7qb2p-0-0\">\n<div class=\"_1mf _1mj\" data-offset-key=\"7qb2p-0-0\"><span data-offset-key=\"7qb2p-0-0\">\ud83e\udd1d\u2728 \u00a1ATENCI\u00d3N ORGANIZACIONES COMUNITARIAS!<\/span><\/div>\n<\/div>\n<div class=\"\" data-block=\"true\" data-editor=\"7pv4k\" data-offset-key=\"cn3me-0-0\">\n<div class=\"_1mf _1mj\" data-offset-key=\"cn3me-0-0\"><span data-offset-key=\"cn3me-0-0\">Invitamos a las juntas de vecinos, clubes deportivos, clubes de adulto mayor, agrupaciones culturales, comit\u00e9s y grupos de autoayuda de Barros Arana, Teodoro Schmidt y Hualpin a participar en una REUNI\u00d3N INFORMATIVA SOBRE LAS BASES Y POSTULACI\u00d3N DEL FONDO CONCURSABLE DE INICIATIVAS COMUNITARIAS.<\/span><\/div>\n<\/div>\n<div class=\"\" data-block=\"true\" data-editor=\"7pv4k\" data-offset-key=\"qcn0-0-0\">\n<div class=\"_1mf _1mj\" data-offset-key=\"qcn0-0-0\"><span data-offset-key=\"qcn0-0-0\">\u00a0<\/span><\/div>\n<\/div>\n<div class=\"\" data-block=\"true\" data-editor=\"7pv4k\" data-offset-key=\"31uk4-0-0\">\n<div class=\"_1mf _1mj\" data-offset-key=\"31uk4-0-0\"><span data-offset-key=\"31uk4-0-0\">Una instancia para conocer los requisitos, resolver dudas y preparar la postulaci\u00f3n de tu organizaci\u00f3n.<\/span><\/div>\n<\/div>\n<div class=\"\" data-block=\"true\" data-editor=\"7pv4k\" data-offset-key=\"7pdno-0-0\">\n<div class=\"_1mf _1mj\" data-offset-key=\"7pdno-0-0\"><span data-offset-key=\"7pdno-0-0\">\u00a0<\/span><\/div>\n<\/div>\n<div class=\"\" data-block=\"true\" data-editor=\"7pv4k\" data-offset-key=\"eke9i-0-0\">\n<div class=\"_1mf _1mj\" data-offset-key=\"eke9i-0-0\"><span data-offset-key=\"eke9i-0-0\">\ud83d\udccd Auditorio Municipalidad, Teodoro Schmidt<\/span><\/div>\n<\/div>\n<div class=\"\" data-block=\"true\" data-editor=\"7pv4k\" data-offset-key=\"7al3i-0-0\">\n<div class=\"_1mf _1mj\" data-offset-key=\"7al3i-0-0\"><span data-offset-key=\"7al3i-0-0\">\ud83d\udcc5 09 de septiembre &#8211; 15:00 hrs<\/span><\/div>\n<\/div>\n<div class=\"\" data-block=\"true\" data-editor=\"7pv4k\" data-offset-key=\"2hkit-0-0\">\n<div class=\"_1mf _1mj\" data-offset-key=\"2hkit-0-0\"><span data-offset-key=\"2hkit-0-0\">\u00a0<\/span><\/div>\n<\/div>\n<div class=\"\" data-block=\"true\" data-editor=\"7pv4k\" data-offset-key=\"e61t-0-0\">\n<div class=\"_1mf _1mj\" data-offset-key=\"e61t-0-0\"><span data-offset-key=\"e61t-0-0\">\u00a1Inf\u00f3rmate y participa! Juntos seguimos fortaleciendo nuestra comunidad. \u2764\ufe0f<\/span><\/div>\n<\/div>\n<div class=\"\" data-block=\"true\" data-editor=\"7pv4k\" data-offset-key=\"2opma-0-0\">\n<div class=\"_1mf _1mj\" data-offset-key=\"2opma-0-0\"><span data-offset-key=\"2opma-0-0\">\u00a0<\/span><\/div>\n<\/div>\n<div class=\"\" data-block=\"true\" data-editor=\"7pv4k\" data-offset-key=\"bk0oo-0-0\">\n<div class=\"_1mf _1mj\" data-offset-key=\"bk0oo-0-0\"><span data-offset-key=\"bk0oo-0-0\">S\u00famate a la comunidad de WhatsApp Municipal y ent\u00e9rate primero de todas las novedades de la comuna \ud83d\udcf2\u2728<\/span><\/div>\n<\/div>\n<div class=\"\" data-block=\"true\" data-editor=\"7pv4k\" data-offset-key=\"f4vph-0-0\">\n<div class=\"_1mf _1mj\" data-offset-key=\"f4vph-0-0\"><span data-offset-key=\"f4vph-0-0\">https:\/\/chat.whatsapp.com\/DeRLxN6eKVRH9AbXfkVfFm<\/span><\/div>\n<\/div>\n<div class=\"\" data-block=\"true\" data-editor=\"7pv4k\" data-offset-key=\"9l7a-0-0\">\n<div class=\"_1mf _1mj\" data-offset-key=\"9l7a-0-0\"><span data-offset-key=\"9l7a-0-0\">\u00a0<\/span><\/div>\n<\/div>\n<div class=\"\" data-block=\"true\" data-editor=\"7pv4k\" data-offset-key=\"7o8gt-0-0\">\n<div class=\"_1mf _1mj\" data-offset-key=\"7o8gt-0-0\"><span class=\"_5zk7\" spellcheck=\"false\" data-offset-key=\"7o8gt-0-0\"><span data-offset-key=\"7o8gt-0-0\">#MuniTeodoro<\/span><\/span> <span class=\"_5zk7\" spellcheck=\"false\" data-offset-key=\"7o8gt-2-0\"><span data-offset-key=\"7o8gt-2-0\">#TeodoroSchmidt<\/span><\/span> <span class=\"_5zk7\" spellcheck=\"false\" data-offset-key=\"7o8gt-4-0\"><span data-offset-key=\"7o8gt-4-0\">#OrganizacionesComunitarias<\/span><\/span> <span class=\"_5zk7\" spellcheck=\"false\" data-offset-key=\"7o8gt-6-0\"><span data-offset-key=\"7o8gt-6-0\">#FondosConcursables<\/span><\/span><\/div>\n<\/div>\n","protected":false},"excerpt":{"rendered":"<p>\ud83e\udd1d\u2728 \u00a1ATENCI\u00d3N ORGANIZACIONES COMUNITARIAS! Invitamos a las juntas de vecinos, clubes deportivos, clubes de adulto mayor, agrupaciones culturales, comit\u00e9s y grupos de autoayuda de Barros Arana, Teodoro Schmidt y Hualpin a participar en una REUNI\u00d3N INFORMATIVA SOBRE LAS BASES Y POSTULACI\u00d3N DEL FONDO CONCURSABLE DE INICIATIVAS COMUNITARIAS. \u00a0 Una instancia para conocer los requisitos, resolver [&hellip;]<\/p>\n","protected":false},"author":5,"featured_media":20787,"comment_status":"closed","ping_status":"open","sticky":false,"template":"","format":"standard","meta":{"xn-wppe-expiration":[],"xn-wppe-expiration-action":[],"xn-wppe-expiration-prefix":[],"footnotes":""},"categories":[7],"tags":[],"class_list":["post-20785","post","type-post","status-publish","format-standard","has-post-thumbnail","hentry","category-noticias"],"publishpress_future_action":{"enabled":false,"date":"2026-09-10 03:23:17","action":"change-status","newStatus":"draft","terms":[],"taxonomy":"category","extraData":[]},"publishpress_future_workflow_manual_trigger":{"enabledWorkflows":[]},"_links":{"self":[{"href":"https:\/\/muniteodoro.cl\/portal\/wp-json\/wp\/v2\/posts\/20785","targetHints":{"allow":["GET"]}}],"collection":[{"href":"https:\/\/muniteodoro.cl\/portal\/wp-json\/wp\/v2\/posts"}],"about":[{"href":"https:\/\/muniteodoro.cl\/portal\/wp-json\/wp\/v2\/types\/post"}],"author":[{"embeddable":true,"href":"https:\/\/muniteodoro.cl\/portal\/wp-json\/wp\/v2\/users\/5"}],"replies":[{"embeddable":true,"href":"https:\/\/muniteodoro.cl\/portal\/wp-json\/wp\/v2\/comments?post=20785"}],"version-history":[{"count":1,"href":"https:\/\/muniteodoro.cl\/portal\/wp-json\/wp\/v2\/posts\/20785\/revisions"}],"predecessor-version":[{"id":20786,"href":"https:\/\/muniteodoro.cl\/portal\/wp-json\/wp\/v2\/posts\/20785\/revisions\/20786"}],"wp:featuredmedia":[{"embeddable":true,"href":"https:\/\/muniteodoro.cl\/portal\/wp-json\/wp\/v2\/media\/20787"}],"wp:attachment":[{"href":"https:\/\/muniteodoro.cl\/portal\/wp-json\/wp\/v2\/media?parent=20785"}],"wp:term":[{"taxonomy":"category","embeddable":true,"href":"https:\/\/muniteodoro.cl\/portal\/wp-json\/wp\/v2\/categories?post=20785"},{"taxonomy":"post_tag","embeddable":true,"href":"https:\/\/muniteodoro.cl\/portal\/wp-json\/wp\/v2\/tags?post=20785"}],"curies":[{"name":"wp","href":"https:\/\/api.w.org\/{rel}","templated":true}]}}