{"id":20792,"date":"2026-09-04T13:49:13","date_gmt":"2026-09-04T17:49:13","guid":{"rendered":"https:\/\/muniteodoro.cl\/portal\/?p=20792"},"modified":"2026-09-04T13:51:32","modified_gmt":"2026-09-04T17:51:32","slug":"%f0%9f%94%8b%f0%9f%8c%8e-pongamonos-las-pilas-con-el-medio-ambiente","status":"publish","type":"post","link":"https:\/\/muniteodoro.cl\/portal\/2026\/09\/04\/%f0%9f%94%8b%f0%9f%8c%8e-pongamonos-las-pilas-con-el-medio-ambiente\/","title":{"rendered":"\ud83d\udd0b\ud83c\udf0e \u00a1PONG\u00c1MONOS LAS PILAS CON EL MEDIO AMBIENTE!"},"content":{"rendered":"<p class=\"isSelectedEnd\">\ud83d\udd0b\ud83c\udf0e \u00a1PONG\u00c1MONOS LAS PILAS CON EL MEDIO AMBIENTE!<\/p>\n<p class=\"isSelectedEnd\">\u00bfTienes <strong>pilas usadas en casa<\/strong>? S\u00famate a nuestra <strong>GRAN CAMPA\u00d1A DE RECOLECCI\u00d3N DE PILAS<\/strong> y ay\u00fadanos a darles un destino seguro. \u267b\ufe0f<\/p>\n<p class=\"isSelectedEnd\">\ud83d\udca1 <strong>\u00bfC\u00d3MO PARTICIPAR?<\/strong><br \/>\n1\ufe0f\u20e3 <strong>Re\u00fane:<\/strong> Junta tus pilas usadas en botellas pl\u00e1sticas vac\u00edas.<br \/>\n2\ufe0f\u20e3 <strong>Sella:<\/strong> Aseg\u00farate de que las botellas est\u00e9n <strong>bien selladas<\/strong> para evitar fugas y facilitar su transporte.<br \/>\n3\ufe0f\u20e3 <strong>Entrega:<\/strong> Ll\u00e9valas a nuestro punto de recepci\u00f3n.<\/p>\n<p class=\"isSelectedEnd\">\ud83d\udccd <strong>Av. Balmaceda #299, 2\u00b0 piso, Teodoro Schmidt<\/strong><br \/>\n\ud83c\udfe2 <strong>Oficina de Medio Ambiente<\/strong><br \/>\n\ud83d\udcc5 <strong>Plazo: hasta el 03 de octubre<\/strong><\/p>\n<p class=\"isSelectedEnd\">\ud83e\udd1d \u00bfNo tienes botellas? \u00a1No te preocupes! Puedes acercarte a la <strong>Oficina de Medio Ambiente<\/strong> y solicitar envases para realizar tu recolecci\u00f3n.<\/p>\n<p class=\"isSelectedEnd\">\ud83c\udf31 <strong>\u00bfPOR QU\u00c9 ES IMPORTANTE?<\/strong><br \/>\nLas pilas mal desechadas pueden liberar sustancias y metales pesados que contaminan el suelo y el agua. \u00a1Entre todos podemos cuidar nuestro medio ambiente y proteger nuestra comuna! \ud83d\udc9a<\/p>\n<p class=\"isSelectedEnd\">\u267b\ufe0f <strong>RE\u00daNE, SELLA Y ENTREGA. \u00a1PONG\u00c1MONOS LAS PILAS!<\/strong> \ud83d\udd0b<\/p>\n<p class=\"isSelectedEnd\">S\u00famate a la comunidad de WhatsApp Municipal y ent\u00e9rate primero de todas las novedades de la comuna \ud83d\udcf2\u2728<br \/>\n<a href=\"https:\/\/chat.whatsapp.com\/DeRLxN6eKVRH9AbXfkVfFm\" data-rich-text-autolink=\"\">https:\/\/chat.whatsapp.com\/DeRLxN6eKVRH9AbXfkVfFm<\/a><\/p>\n<p>#MuniTeodoro #TeodoroSchmidt #MedioAmbiente #Reciclaje<\/p>\n","protected":false},"excerpt":{"rendered":"<p>\ud83d\udd0b\ud83c\udf0e \u00a1PONG\u00c1MONOS LAS PILAS CON EL MEDIO AMBIENTE! \u00bfTienes pilas usadas en casa? S\u00famate a nuestra GRAN CAMPA\u00d1A DE RECOLECCI\u00d3N DE PILAS y ay\u00fadanos a darles un destino seguro. \u267b\ufe0f \ud83d\udca1 \u00bfC\u00d3MO PARTICIPAR? 1\ufe0f\u20e3 Re\u00fane: Junta tus pilas usadas en botellas pl\u00e1sticas vac\u00edas. 2\ufe0f\u20e3 Sella: Aseg\u00farate de que las botellas est\u00e9n bien selladas para evitar [&hellip;]<\/p>\n","protected":false},"author":5,"featured_media":20794,"comment_status":"closed","ping_status":"open","sticky":false,"template":"","format":"standard","meta":{"xn-wppe-expiration":[],"xn-wppe-expiration-action":[],"xn-wppe-expiration-prefix":[],"footnotes":""},"categories":[7],"tags":[],"class_list":["post-20792","post","type-post","status-publish","format-standard","has-post-thumbnail","hentry","category-noticias"],"publishpress_future_action":{"enabled":false,"date":"2026-09-12 03:00:03","action":"change-status","newStatus":"draft","terms":[],"taxonomy":"category","extraData":[]},"publishpress_future_workflow_manual_trigger":{"enabledWorkflows":[]},"_links":{"self":[{"href":"https:\/\/muniteodoro.cl\/portal\/wp-json\/wp\/v2\/posts\/20792","targetHints":{"allow":["GET"]}}],"collection":[{"href":"https:\/\/muniteodoro.cl\/portal\/wp-json\/wp\/v2\/posts"}],"about":[{"href":"https:\/\/muniteodoro.cl\/portal\/wp-json\/wp\/v2\/types\/post"}],"author":[{"embeddable":true,"href":"https:\/\/muniteodoro.cl\/portal\/wp-json\/wp\/v2\/users\/5"}],"replies":[{"embeddable":true,"href":"https:\/\/muniteodoro.cl\/portal\/wp-json\/wp\/v2\/comments?post=20792"}],"version-history":[{"count":1,"href":"https:\/\/muniteodoro.cl\/portal\/wp-json\/wp\/v2\/posts\/20792\/revisions"}],"predecessor-version":[{"id":20793,"href":"https:\/\/muniteodoro.cl\/portal\/wp-json\/wp\/v2\/posts\/20792\/revisions\/20793"}],"wp:featuredmedia":[{"embeddable":true,"href":"https:\/\/muniteodoro.cl\/portal\/wp-json\/wp\/v2\/media\/20794"}],"wp:attachment":[{"href":"https:\/\/muniteodoro.cl\/portal\/wp-json\/wp\/v2\/media?parent=20792"}],"wp:term":[{"taxonomy":"category","embeddable":true,"href":"https:\/\/muniteodoro.cl\/portal\/wp-json\/wp\/v2\/categories?post=20792"},{"taxonomy":"post_tag","embeddable":true,"href":"https:\/\/muniteodoro.cl\/portal\/wp-json\/wp\/v2\/tags?post=20792"}],"curies":[{"name":"wp","href":"https:\/\/api.w.org\/{rel}","templated":true}]}}